{"id":71326,"date":"2020-05-14T18:48:33","date_gmt":"2020-05-14T23:48:33","guid":{"rendered":"http:\/\/elinformanteperu.com\/?p=71326"},"modified":"2020-05-14T18:48:33","modified_gmt":"2020-05-14T23:48:33","slug":"peru-candidato-a-sede-de-finales-unicas-de-copas-libertadores-y-sudamericana","status":"publish","type":"post","link":"https:\/\/elinformanteperu.com\/index.php\/2020\/05\/14\/peru-candidato-a-sede-de-finales-unicas-de-copas-libertadores-y-sudamericana\/","title":{"rendered":"Per\u00fa candidato a sede de finales \u00fanicas de Copas Libertadores y Sudamericana"},"content":{"rendered":"<p><strong><span style=\"color: #000000;\">Tras el \u00e9xito de organizaci\u00f3n, asistencia y log\u00edstica logrado en la primera Final \u00danica de la Copa Conmebol Libertadores, Per\u00fa ha presentado su candidatura.<\/span><\/strong><\/p>\n<p><span style=\"color: #000000;\"><strong>Lima, 14 Mayo 2020, (ANDINA).-<\/strong> Tras el \u00e9xito de organizaci\u00f3n, asistencia y log\u00edstica logrado en la primera Final \u00danica de la Copa Conmebol Libertadores realizada en el estadio Monumental de Ate en el 2019, Per\u00fa ha presentado su candidatura para volver a albergar este evento futbol\u00edstico en los a\u00f1os 2022 y 2023.<\/span><\/p>\n<p><span style=\"color: #000000;\">Las Asociaciones Miembro de la CONMEBOL presentaron a las ciudades postulantes para ser sedes de las finales de la CONMEBOL Libertadores y la CONMEBOL Sudamericana en los pr\u00f3ximos a\u00f1os, donde destaca la candidatura de Lima a trav\u00e9s del Estadio Nacional y Estadio Monumental.<\/span><\/p>\n<p><span style=\"color: #000000;\">La Direcci\u00f3n de Competiciones de Clubes de la CONMEBOL inform\u00f3 que se realizar\u00e1 un workshop por videollamada con cada postulante los d\u00edas lunes 25 y martes 26 de mayo, para definir conceptos de las finales y evaluar todas las dudas para la elaboraci\u00f3n del Dossier de Candidatura, que deber\u00e1 ser presentado el pr\u00f3ximo viernes 29 de mayo del 2020.<\/span><\/p>\n<p><span style=\"color: #000000;\">Tras la presentaci\u00f3n del Dossier de Candidatura, la CONMEBOL evaluar\u00e1 las informaciones, garant\u00edas enviadas y presentar\u00e1 una propuesta de finalistas para el Consejo de la CONMEBOL, que definir\u00e1 a las ciudades que continuar\u00e1n en la disputa para recibir la gran responsabilidad.<\/span><\/p>\n<p><span style=\"color: #000000;\">Las ciudades finalistas ser\u00e1n inspeccionadas, una vez que se pueda viajar por Sudam\u00e9rica y tras estas visitas nuevamente se presentar\u00e1n los informes al Consejo del ente rector del f\u00fatbol sudamericano, que tomar\u00e1 la decisi\u00f3n final sobre las sedes.<\/span><\/p>\n<p><span style=\"color: #000000;\">Gracias al trabajo y coordinaci\u00f3n de la Federaci\u00f3n Peruana de F\u00fatbol (FPF), el Gobierno Peruano y todas las autoridades involucradas, Lima vivi\u00f3 una aut\u00e9ntica fiesta deportiva el pasado 23 de noviembre con la final entre Flamengo de Brasil y River Plate de Argentina, partido que cont\u00f3 con 60 000 espectadores en las tribunas, m\u00e1s de 7000 trabajadores y m\u00e1s de 600 periodistas de diferentes medios de comunicaci\u00f3n del mundo.<\/span><\/p>\n<p><img fetchpriority=\"high\" decoding=\"async\" class=\"aligncenter size-full wp-image-60769\" src=\"http:\/\/elinformanteperu.com\/wp-content\/uploads\/2019\/11\/flamengo-jubilo-por-campeonato1.jpg\" alt=\"\" width=\"1800\" height=\"1199\" srcset=\"https:\/\/elinformanteperu.com\/wp-content\/uploads\/2019\/11\/flamengo-jubilo-por-campeonato1.jpg 1800w, https:\/\/elinformanteperu.com\/wp-content\/uploads\/2019\/11\/flamengo-jubilo-por-campeonato1-300x200.jpg 300w, https:\/\/elinformanteperu.com\/wp-content\/uploads\/2019\/11\/flamengo-jubilo-por-campeonato1-1024x682.jpg 1024w, https:\/\/elinformanteperu.com\/wp-content\/uploads\/2019\/11\/flamengo-jubilo-por-campeonato1-768x512.jpg 768w, https:\/\/elinformanteperu.com\/wp-content\/uploads\/2019\/11\/flamengo-jubilo-por-campeonato1-1536x1023.jpg 1536w, https:\/\/elinformanteperu.com\/wp-content\/uploads\/2019\/11\/flamengo-jubilo-por-campeonato1-128x85.jpg 128w, https:\/\/elinformanteperu.com\/wp-content\/uploads\/2019\/11\/flamengo-jubilo-por-campeonato1-32x21.jpg 32w\" sizes=\"(max-width: 1800px) 100vw, 1800px\" \/><\/p>\n","protected":false},"excerpt":{"rendered":"<p>Tras el \u00e9xito de organizaci\u00f3n, asistencia y log\u00edstica logrado en la primera Final \u00danica de la Copa Conmebol Libertadores, Per\u00fa ha presentado su candidatura. Lima, 14 Mayo 2020, (ANDINA).- Tras el \u00e9xito de organizaci\u00f3n, asistencia y log\u00edstica logrado en la primera Final \u00danica de la Copa Conmebol Libertadores realizada en el estadio Monumental de Ate [&hellip;]<\/p>\n","protected":false},"author":1,"featured_media":71327,"comment_status":"open","ping_status":"open","sticky":false,"template":"","format":"standard","meta":{"rop_custom_images_group":[],"rop_custom_messages_group":[],"rop_publish_now":"initial","rop_publish_now_accounts":[],"rop_publish_now_history":[],"rop_publish_now_status":"pending","footnotes":""},"categories":[8],"tags":[2694,5059],"class_list":["post-71326","post","type-post","status-publish","format-standard","has-post-thumbnail","hentry","category-disciplinas-deportivas","tag-conmebol","tag-copa-libertadores-2020"],"_links":{"self":[{"href":"https:\/\/elinformanteperu.com\/index.php\/wp-json\/wp\/v2\/posts\/71326","targetHints":{"allow":["GET"]}}],"collection":[{"href":"https:\/\/elinformanteperu.com\/index.php\/wp-json\/wp\/v2\/posts"}],"about":[{"href":"https:\/\/elinformanteperu.com\/index.php\/wp-json\/wp\/v2\/types\/post"}],"author":[{"embeddable":true,"href":"https:\/\/elinformanteperu.com\/index.php\/wp-json\/wp\/v2\/users\/1"}],"replies":[{"embeddable":true,"href":"https:\/\/elinformanteperu.com\/index.php\/wp-json\/wp\/v2\/comments?post=71326"}],"version-history":[{"count":1,"href":"https:\/\/elinformanteperu.com\/index.php\/wp-json\/wp\/v2\/posts\/71326\/revisions"}],"predecessor-version":[{"id":71328,"href":"https:\/\/elinformanteperu.com\/index.php\/wp-json\/wp\/v2\/posts\/71326\/revisions\/71328"}],"wp:featuredmedia":[{"embeddable":true,"href":"https:\/\/elinformanteperu.com\/index.php\/wp-json\/wp\/v2\/media\/71327"}],"wp:attachment":[{"href":"https:\/\/elinformanteperu.com\/index.php\/wp-json\/wp\/v2\/media?parent=71326"}],"wp:term":[{"taxonomy":"category","embeddable":true,"href":"https:\/\/elinformanteperu.com\/index.php\/wp-json\/wp\/v2\/categories?post=71326"},{"taxonomy":"post_tag","embeddable":true,"href":"https:\/\/elinformanteperu.com\/index.php\/wp-json\/wp\/v2\/tags?post=71326"}],"curies":[{"name":"wp","href":"https:\/\/api.w.org\/{rel}","templated":true}]}}