{"id":71308,"date":"2020-05-14T17:43:49","date_gmt":"2020-05-14T22:43:49","guid":{"rendered":"http:\/\/elinformanteperu.com\/?p=71308"},"modified":"2020-05-14T17:43:49","modified_gmt":"2020-05-14T22:43:49","slug":"nat-geo-kids-estrena-la-segunda-temporada-de-pablo","status":"publish","type":"post","link":"https:\/\/elinformanteperu.com\/index.php\/2020\/05\/14\/nat-geo-kids-estrena-la-segunda-temporada-de-pablo\/","title":{"rendered":"Nat Geo Kids estrena la segunda temporada de Pablo"},"content":{"rendered":"<p><strong><span style=\"color: #000000;\">La serie que es interpretada por un ni\u00f1o con trastorno del espectro autista (TEA) estrena este lunes 18 de mayo, de lunes a viernes, a las 10 de la ma\u00f1ana en Nat Geo Kids.<\/span><\/strong><\/p>\n<p><span style=\"color: #000000;\"><strong>Lima, 14 Mayo 2020, (El Informante Per\u00fa).-<\/strong> Este lunes 18 de mayo a las 10:00 am Nat Geo Kids estrena la segunda temporada de PABLO, la serie infantil que tiene como prop\u00f3sito concientizar y promover la integraci\u00f3n y la conversaci\u00f3n sobre TEA (trastorno del espectro autista). Pablo sigue la historia de un peque\u00f1o de cinco a\u00f1os cuyos dibujos originales cobran vida en el \u201cMundo del Arte\u201d, una creaci\u00f3n de su imaginaci\u00f3n que le permite transformar los desaf\u00edos cotidianos en aventuras fant\u00e1sticas para encarar el mundo real con m\u00e1s seguridad.<\/span><\/p>\n<p><span style=\"color: #000000;\">Cada episodio de esta segunda temporada es una nueva aventura que nos ayuda a entender c\u00f3mo las experiencias cotidianas de estos ni\u00f1os se convierten en retos emocionantes que Pablo, con la ayuda de sus simp\u00e1ticos amigos, podr\u00e1 finalmente superar.<\/span><\/p>\n<p><span style=\"color: #000000;\">\u201cEn esta nueva temporada, Pablo sigue llevando a las familias de Latinoam\u00e9rica un poderoso mensaje de concientizaci\u00f3n m\u00e1s all\u00e1 de la pantalla, que abre las puertas al mundo de las personas con Trastorno del Espectro Autista para que la audiencia pueda empatizar con ellas. De esta forma, esta propuesta forma parte de nuestro compromiso sostenido de ofrecer experiencias que no solo entretengan, sino que tambi\u00e9n, a trav\u00e9s de tem\u00e1ticas inspiradoras, contribuyan tanto al bienestar infantil como a construir una comunidad m\u00e1s inclusiva, respetuosa y libre de prejuicios\u2014, coment\u00f3 Bel\u00e9n Urbaneja, Directora, Corporate Social Responsibility &amp; Brand Management, The Walt Disney Company Latin America\u2014. Consideramos que es importante ofrecer historias y personajes con quienes todos los ni\u00f1os y las ni\u00f1as puedan sentirse identificados, que reflejen y valoricen la diversidad humana y las particularidades de nuestros tiempos\u201d, a\u00f1adi\u00f3.<\/span><\/p>\n<p><img fetchpriority=\"high\" decoding=\"async\" class=\"aligncenter size-full wp-image-71309\" src=\"http:\/\/elinformanteperu.com\/wp-content\/uploads\/2020\/05\/Pablo-Nat-Geo-Kids.jpg\" alt=\"\" width=\"520\" height=\"191\" srcset=\"https:\/\/elinformanteperu.com\/wp-content\/uploads\/2020\/05\/Pablo-Nat-Geo-Kids.jpg 520w, https:\/\/elinformanteperu.com\/wp-content\/uploads\/2020\/05\/Pablo-Nat-Geo-Kids-300x110.jpg 300w\" sizes=\"(max-width: 520px) 100vw, 520px\" \/><span style=\"color: #000000;\">Al igual que en la primera temporada, la voz de Pablo en espa\u00f1ol para Latinoam\u00e9rica es interpretada por Federico Garc\u00eda Villegas, un ni\u00f1o colombiano con s\u00edndrome de Asperger \u2014una condici\u00f3n dentro del espectro autista\u2014, quien fue elegido para darle voz al personaje animado luego de que su historia de superaci\u00f3n personal se hiciera viral en todo el mundo. \u201cFede\u201d tiene doce a\u00f1os, es el m\u00e1s grande de tres hermanos y vive con su familia en Cali, Colombia. En junio del 2017 cre\u00f3 junto a su mam\u00e1 la Fundaci\u00f3n Federico Garc\u00eda Villegas, una iniciativa que busca generar una sociedad inclusiva donde todos los ni\u00f1os sean aceptados como son, con respeto y tolerancia.<\/span><\/p>\n<p><span style=\"color: #000000;\">En el marco de esta producci\u00f3n, Nat Geo Kids desarroll\u00f3 una campa\u00f1a gr\u00e1fica protagonizada por ni\u00f1os y ni\u00f1as dentro del espectro autista que forman parte de la Fundaci\u00f3n Federico Garc\u00eda Villegas. Asimismo, Federico protagoniz\u00f3 junto a su familia una serie de c\u00e1psulas creadas junto a Nat Geo Kids para \u201cborrar los prejuicios\u201d alrededor de las personas con TEA como los que indican \u201cel Autismo es una enfermedad\u201d, \u201clas personas con TEA no se comunican\u201d, \u201clos ni\u00f1os y ni\u00f1as con Autismo son agresivos\u201d y \u201clas personas con TEA prefieren permanecer aisladas\u201d.<\/span><\/p>\n<p><span style=\"color: #000000;\">La nueva temporada de Pablo estrena el pr\u00f3ximo lunes 18 de mayo a las 10 de la ma\u00f1ana de lunes a viernes, en Nat Geo Kids.<\/span><\/p>\n<p><iframe title=\"Conoce a Fede y a su familia, unidos por las diferencias | Pablo\" width=\"615\" height=\"346\" src=\"https:\/\/www.youtube.com\/embed\/j0ScPwbSdKU?feature=oembed\" frameborder=\"0\" allow=\"accelerometer; autoplay; clipboard-write; encrypted-media; gyroscope; picture-in-picture; web-share\" referrerpolicy=\"strict-origin-when-cross-origin\" allowfullscreen><\/iframe><\/p>\n","protected":false},"excerpt":{"rendered":"<p>La serie que es interpretada por un ni\u00f1o con trastorno del espectro autista (TEA) estrena este lunes 18 de mayo, de lunes a viernes, a las 10 de la ma\u00f1ana en Nat Geo Kids. Lima, 14 Mayo 2020, (El Informante Per\u00fa).- Este lunes 18 de mayo a las 10:00 am Nat Geo Kids estrena la [&hellip;]<\/p>\n","protected":false},"author":1,"featured_media":71310,"comment_status":"open","ping_status":"open","sticky":false,"template":"","format":"standard","meta":{"rop_custom_images_group":[],"rop_custom_messages_group":[],"rop_publish_now":"initial","rop_publish_now_accounts":[],"rop_publish_now_history":[],"rop_publish_now_status":"pending","footnotes":""},"categories":[70],"tags":[2915,5645],"class_list":["post-71308","post","type-post","status-publish","format-standard","has-post-thumbnail","hentry","category-farandula","tag-nat-geo-kids","tag-pablo"],"_links":{"self":[{"href":"https:\/\/elinformanteperu.com\/index.php\/wp-json\/wp\/v2\/posts\/71308","targetHints":{"allow":["GET"]}}],"collection":[{"href":"https:\/\/elinformanteperu.com\/index.php\/wp-json\/wp\/v2\/posts"}],"about":[{"href":"https:\/\/elinformanteperu.com\/index.php\/wp-json\/wp\/v2\/types\/post"}],"author":[{"embeddable":true,"href":"https:\/\/elinformanteperu.com\/index.php\/wp-json\/wp\/v2\/users\/1"}],"replies":[{"embeddable":true,"href":"https:\/\/elinformanteperu.com\/index.php\/wp-json\/wp\/v2\/comments?post=71308"}],"version-history":[{"count":1,"href":"https:\/\/elinformanteperu.com\/index.php\/wp-json\/wp\/v2\/posts\/71308\/revisions"}],"predecessor-version":[{"id":71311,"href":"https:\/\/elinformanteperu.com\/index.php\/wp-json\/wp\/v2\/posts\/71308\/revisions\/71311"}],"wp:featuredmedia":[{"embeddable":true,"href":"https:\/\/elinformanteperu.com\/index.php\/wp-json\/wp\/v2\/media\/71310"}],"wp:attachment":[{"href":"https:\/\/elinformanteperu.com\/index.php\/wp-json\/wp\/v2\/media?parent=71308"}],"wp:term":[{"taxonomy":"category","embeddable":true,"href":"https:\/\/elinformanteperu.com\/index.php\/wp-json\/wp\/v2\/categories?post=71308"},{"taxonomy":"post_tag","embeddable":true,"href":"https:\/\/elinformanteperu.com\/index.php\/wp-json\/wp\/v2\/tags?post=71308"}],"curies":[{"name":"wp","href":"https:\/\/api.w.org\/{rel}","templated":true}]}}