{"id":71024,"date":"2020-05-11T18:40:38","date_gmt":"2020-05-11T23:40:38","guid":{"rendered":"http:\/\/elinformanteperu.com\/?p=71024"},"modified":"2020-05-11T18:40:38","modified_gmt":"2020-05-11T23:40:38","slug":"premios-goya-2021-permitiran-competir-excepcionalmente-a-estrenos-online","status":"publish","type":"post","link":"https:\/\/elinformanteperu.com\/index.php\/2020\/05\/11\/premios-goya-2021-permitiran-competir-excepcionalmente-a-estrenos-online\/","title":{"rendered":"Premios Goya 2021 permitir\u00e1n competir excepcionalmente a estrenos online"},"content":{"rendered":"<p><span style=\"color: #000000;\"><strong>La Academia de Cine espa\u00f1ola ha acordado aceptar, de manera excepcional que las pel\u00edculas a competici\u00f3n se hayan estrenado solamente \u00abonline\u00bb.<\/strong><\/span><\/p>\n<p><span style=\"color: #000000;\"><strong>Madrid, 11 Mayo 2020, (ANDINA).-<\/strong> La junta directiva de la Academia de Cine espa\u00f1ola ha acordado aceptar, de manera excepcional y \u00fanicamente para la pr\u00f3xima edici\u00f3n de los Premios Goya, que las pel\u00edculas a competici\u00f3n se hayan estrenado solamente \u00abonline\u00bb debido a la crisis del coronavirus.<\/span><\/p>\n<p><span style=\"color: #000000;\">\u00abLas bases de los Goya 2021 aceptar\u00e1n excepcionalmente aquellos largometrajes que ten\u00edan previsto su estreno en salas y se han visto o se ver\u00e1n obligados a estrenarse directamente en plataformas de VOD, como consecuencia de la pandemia\u00bb, indica la Academia en un comunicado.<\/span><\/p>\n<p><span style=\"color: #000000;\">Se flexibiliza as\u00ed la norma habitual que establece el obligado estreno en salas comerciales y con taquilla abierta al p\u00fablico para optar a los galardones, dado que las salas est\u00e1n cerradas desde que se declar\u00f3 el estado de alarma.<\/span><\/p>\n<p><span style=\"color: #000000;\">Se trata de una medida excepcional, que afectar\u00e1 exclusivamente a la 35 edici\u00f3n de los Goya y que tiene un car\u00e1cter eventual, acotado al per\u00edodo extraordinario en el que se encuentra Espa\u00f1a.<\/span><\/p>\n<p><span style=\"color: #000000;\">\u00abEn el momento en el que las salas de cine puedan reabrir en condiciones de seguridad y se restablezca la exhibici\u00f3n, la Academia revisar\u00e1 la medida y podr\u00e1 finalizarla, manteniendo la norma del estreno en salas comerciales para concurrir a los premios\u00bb, se\u00f1ala.<\/span><\/p>\n<p><img fetchpriority=\"high\" decoding=\"async\" class=\"aligncenter size-full wp-image-5312\" src=\"http:\/\/elinformanteperu.com\/wp-content\/uploads\/2017\/01\/los-goya-2016-1.jpg\" alt=\"\" width=\"600\" height=\"328\" srcset=\"https:\/\/elinformanteperu.com\/wp-content\/uploads\/2017\/01\/los-goya-2016-1.jpg 600w, https:\/\/elinformanteperu.com\/wp-content\/uploads\/2017\/01\/los-goya-2016-1-300x164.jpg 300w, https:\/\/elinformanteperu.com\/wp-content\/uploads\/2017\/01\/los-goya-2016-1-128x70.jpg 128w, https:\/\/elinformanteperu.com\/wp-content\/uploads\/2017\/01\/los-goya-2016-1-32x17.jpg 32w\" sizes=\"(max-width: 600px) 100vw, 600px\" \/><\/p>\n","protected":false},"excerpt":{"rendered":"<p>La Academia de Cine espa\u00f1ola ha acordado aceptar, de manera excepcional que las pel\u00edculas a competici\u00f3n se hayan estrenado solamente \u00abonline\u00bb. Madrid, 11 Mayo 2020, (ANDINA).- La junta directiva de la Academia de Cine espa\u00f1ola ha acordado aceptar, de manera excepcional y \u00fanicamente para la pr\u00f3xima edici\u00f3n de los Premios Goya, que las pel\u00edculas a [&hellip;]<\/p>\n","protected":false},"author":1,"featured_media":5547,"comment_status":"open","ping_status":"open","sticky":false,"template":"","format":"standard","meta":{"rop_custom_images_group":[],"rop_custom_messages_group":[],"rop_publish_now":"initial","rop_publish_now_accounts":[],"rop_publish_now_history":[],"rop_publish_now_status":"pending","footnotes":""},"categories":[7],"tags":[3494,4802],"class_list":["post-71024","post","type-post","status-publish","format-standard","has-post-thumbnail","hentry","category-butaca","tag-goya-2019","tag-goya-2020"],"_links":{"self":[{"href":"https:\/\/elinformanteperu.com\/index.php\/wp-json\/wp\/v2\/posts\/71024","targetHints":{"allow":["GET"]}}],"collection":[{"href":"https:\/\/elinformanteperu.com\/index.php\/wp-json\/wp\/v2\/posts"}],"about":[{"href":"https:\/\/elinformanteperu.com\/index.php\/wp-json\/wp\/v2\/types\/post"}],"author":[{"embeddable":true,"href":"https:\/\/elinformanteperu.com\/index.php\/wp-json\/wp\/v2\/users\/1"}],"replies":[{"embeddable":true,"href":"https:\/\/elinformanteperu.com\/index.php\/wp-json\/wp\/v2\/comments?post=71024"}],"version-history":[{"count":1,"href":"https:\/\/elinformanteperu.com\/index.php\/wp-json\/wp\/v2\/posts\/71024\/revisions"}],"predecessor-version":[{"id":71025,"href":"https:\/\/elinformanteperu.com\/index.php\/wp-json\/wp\/v2\/posts\/71024\/revisions\/71025"}],"wp:featuredmedia":[{"embeddable":true,"href":"https:\/\/elinformanteperu.com\/index.php\/wp-json\/wp\/v2\/media\/5547"}],"wp:attachment":[{"href":"https:\/\/elinformanteperu.com\/index.php\/wp-json\/wp\/v2\/media?parent=71024"}],"wp:term":[{"taxonomy":"category","embeddable":true,"href":"https:\/\/elinformanteperu.com\/index.php\/wp-json\/wp\/v2\/categories?post=71024"},{"taxonomy":"post_tag","embeddable":true,"href":"https:\/\/elinformanteperu.com\/index.php\/wp-json\/wp\/v2\/tags?post=71024"}],"curies":[{"name":"wp","href":"https:\/\/api.w.org\/{rel}","templated":true}]}}