{"id":71017,"date":"2020-05-10T18:11:21","date_gmt":"2020-05-10T23:11:21","guid":{"rendered":"http:\/\/elinformanteperu.com\/?p=71017"},"modified":"2020-05-10T18:11:21","modified_gmt":"2020-05-10T23:11:21","slug":"cgtp-esta-en-la-linea-de-reducir-la-jornada-laboral-afirma-secretario-general","status":"publish","type":"post","link":"https:\/\/elinformanteperu.com\/index.php\/2020\/05\/10\/cgtp-esta-en-la-linea-de-reducir-la-jornada-laboral-afirma-secretario-general\/","title":{"rendered":"CGTP est\u00e1 en la l\u00ednea de reducir la jornada laboral, afirma secretario general"},"content":{"rendered":"<p><strong><span style=\"color: #000000;\">El secretario general de la CGTP, Ger\u00f3nimo L\u00f3pez, afirm\u00f3 que este organismo va en la misma l\u00ednea de proponer una reducci\u00f3n de la jornada laboral.<\/span><\/strong><\/p>\n<p><span style=\"color: #000000;\"><strong>Lima, 10 Mayo 2020, (ANDINA).-<\/strong> El secretario general de la Confederaci\u00f3n de General de Trabajadores del Per\u00fa (CGTP), Ger\u00f3nimo L\u00f3pez, afirm\u00f3 que este organismo va en la misma l\u00ednea de proponer una reducci\u00f3n de la jornada laboral, una iniciativa que viene siendo aplicada en diversos pa\u00edses de la regi\u00f3n como de otros continentes.<\/span><\/p>\n<p><span style=\"color: #000000;\">\u201cEs un tema que ya se viene planteando y discutiendo a nivel internacional, la Federaci\u00f3n Sindical Mundial (FSM) ya plantea que se trabaje 35 horas a la semana y nosotros como CGTP estamos en esa l\u00ednea, que se debe reducir el horario de trabajo\u201d, dijo a la Agencia Andina.<\/span><\/p>\n<p><span style=\"color: #000000;\">En ese sentido, manifest\u00f3 que una medida como esta, de ser aprobada por el Congreso, permitir\u00eda darle m\u00e1s opciones a aquellas personas que quieren acceder a un puesto de trabajo.<\/span><\/p>\n<p><span style=\"color: #000000;\">\u201cPor ejemplo, una de los beneficios que se conseguir\u00e1n ser\u00eda darle una mayor participaci\u00f3n de trabajadores creando dos turnos, reduciendo adem\u00e1s el estr\u00e9s de largas horas haciendo una labor\u201d, refiri\u00f3.<\/span><\/p>\n<p><span style=\"color: #000000;\">En ese sentido, con menos horas de jornada el trabajador ir\u00e1 m\u00e1s descansado a sus puestos y rendir\u00e1 m\u00e1s, aunque una iniciativa de este tipo tambi\u00e9n deber\u00e1 ser acompa\u00f1ado por una mejor capacitaci\u00f3n, as\u00ed como dotar de seguridad y salud.<\/span><\/p>\n<p><span style=\"color: #000000;\">\u201cLos empresarios deben entender que el trabajador es el capital m\u00e1s importante y viene a ser el socio estrat\u00e9gico de una empresa, no se trata de que todo es dinero, porque quien genera finalmente la plusval\u00eda es el trabajador\u201d, a\u00f1adi\u00f3.<\/span><\/p>\n<p><strong><span style=\"color: #000000;\">Pandemia<\/span><\/strong><\/p>\n<p><span style=\"color: #000000;\">En otro momento, precis\u00f3 que la pandemia del coronavirus (covid-19) que viene afectando a nuestro pa\u00eds es un hecho \u201csin precedente\u201d y constituye el primer acontecimiento de este tipo para la poblaci\u00f3n peruana.<\/span><\/p>\n<p><span style=\"color: #000000;\">Asimismo, refiri\u00f3 que ha tra\u00eddo graves consecuencias para los trabajadores no solo en el Per\u00fa sino a nivel mundial.<\/span><\/p>\n<p><span style=\"color: #000000;\">Por ello, hizo un llamado al Gobierno para escuchar la voz de los trabajadores y no solo se otorguen incentivos a las grandes empresas, sino que tambi\u00e9n debe mirar a las peque\u00f1as y micro empresas que son grandes generadoras de puestos de trabajo.<\/span><\/p>\n<p><span style=\"color: #000000;\">\u201cQueremos un espacio donde realmente se escuche con la seriedad del caso y que se tome en cuenta nuestra voz\u201d, refiri\u00f3.<\/span><\/p>\n","protected":false},"excerpt":{"rendered":"<p>El secretario general de la CGTP, Ger\u00f3nimo L\u00f3pez, afirm\u00f3 que este organismo va en la misma l\u00ednea de proponer una reducci\u00f3n de la jornada laboral. Lima, 10 Mayo 2020, (ANDINA).- El secretario general de la Confederaci\u00f3n de General de Trabajadores del Per\u00fa (CGTP), Ger\u00f3nimo L\u00f3pez, afirm\u00f3 que este organismo va en la misma l\u00ednea de [&hellip;]<\/p>\n","protected":false},"author":1,"featured_media":71018,"comment_status":"open","ping_status":"open","sticky":false,"template":"","format":"standard","meta":{"rop_custom_images_group":[],"rop_custom_messages_group":[],"rop_publish_now":"initial","rop_publish_now_accounts":[],"rop_publish_now_history":[],"rop_publish_now_status":"pending","footnotes":""},"categories":[5],"tags":[1038,192,5236,5364],"class_list":["post-71017","post","type-post","status-publish","format-standard","has-post-thumbnail","hentry","category-actualidad-informativa","tag-cgtp","tag-congreso","tag-coronavirus","tag-covid-19"],"_links":{"self":[{"href":"https:\/\/elinformanteperu.com\/index.php\/wp-json\/wp\/v2\/posts\/71017","targetHints":{"allow":["GET"]}}],"collection":[{"href":"https:\/\/elinformanteperu.com\/index.php\/wp-json\/wp\/v2\/posts"}],"about":[{"href":"https:\/\/elinformanteperu.com\/index.php\/wp-json\/wp\/v2\/types\/post"}],"author":[{"embeddable":true,"href":"https:\/\/elinformanteperu.com\/index.php\/wp-json\/wp\/v2\/users\/1"}],"replies":[{"embeddable":true,"href":"https:\/\/elinformanteperu.com\/index.php\/wp-json\/wp\/v2\/comments?post=71017"}],"version-history":[{"count":1,"href":"https:\/\/elinformanteperu.com\/index.php\/wp-json\/wp\/v2\/posts\/71017\/revisions"}],"predecessor-version":[{"id":71019,"href":"https:\/\/elinformanteperu.com\/index.php\/wp-json\/wp\/v2\/posts\/71017\/revisions\/71019"}],"wp:featuredmedia":[{"embeddable":true,"href":"https:\/\/elinformanteperu.com\/index.php\/wp-json\/wp\/v2\/media\/71018"}],"wp:attachment":[{"href":"https:\/\/elinformanteperu.com\/index.php\/wp-json\/wp\/v2\/media?parent=71017"}],"wp:term":[{"taxonomy":"category","embeddable":true,"href":"https:\/\/elinformanteperu.com\/index.php\/wp-json\/wp\/v2\/categories?post=71017"},{"taxonomy":"post_tag","embeddable":true,"href":"https:\/\/elinformanteperu.com\/index.php\/wp-json\/wp\/v2\/tags?post=71017"}],"curies":[{"name":"wp","href":"https:\/\/api.w.org\/{rel}","templated":true}]}}