{"id":70974,"date":"2020-05-10T17:28:51","date_gmt":"2020-05-10T22:28:51","guid":{"rendered":"http:\/\/elinformanteperu.com\/?p=70974"},"modified":"2020-05-10T17:28:51","modified_gmt":"2020-05-10T22:28:51","slug":"atencion-conoce-el-nuevo-horario-del-metro-de-lima","status":"publish","type":"post","link":"https:\/\/elinformanteperu.com\/index.php\/2020\/05\/10\/atencion-conoce-el-nuevo-horario-del-metro-de-lima\/","title":{"rendered":"\u00a1Atenci\u00f3n! Conoce el nuevo horario del Metro de Lima"},"content":{"rendered":"<p><span style=\"color: #000000;\"><strong>Tras conocerse las modificaciones a las condiciones de inamovilidad social obligatoria, el concesionario del Metro de Lima inform\u00f3 el nuevo horario de este servicio ferroviario.<\/strong><\/span><\/p>\n<p><span style=\"color: #000000;\"><strong>Lima, 10 Mayo 2020, (ANDINA).-<\/strong> Tras conocerse las modificaciones a las condiciones de inamovilidad social obligatoria decretadas por el Gobierno, y que se prolongar\u00e1n hasta el domingo 24 de mayo, el concesionario del Metro de Lima inform\u00f3 que el nuevo horario de este servicio ferroviario ser\u00e1 el siguiente:<\/span><\/p>\n<p><strong><span style=\"color: #000000;\">Hoy domingo 10 de mayo<\/span><\/strong><br \/>\n<span style=\"color: #000000;\">05:30 a 9 am y de 4:00 a 6:00 pm<\/span><\/p>\n<p><strong><span style=\"color: #000000;\">lunes a s\u00e1bado<\/span><\/strong><br \/>\n<span style=\"color: #000000;\">05:30 am hasta las 8:00 pm<\/span><\/p>\n<p><span style=\"color: #000000;\">Los horarios indican la hora de partida de los primeros y \u00faltimos trenes, desde las estaciones de Villa El Salvador (Sur-Norte) y Bay\u00f3var (Norte-Sur).<\/span><\/p>\n<p><span style=\"color: #000000;\">Adem\u00e1s, el tiempo de llegada de los trenes ser\u00e1 el siguiente:<\/span><\/p>\n<p><img fetchpriority=\"high\" decoding=\"async\" class=\"aligncenter size-full wp-image-70975\" src=\"http:\/\/elinformanteperu.com\/wp-content\/uploads\/2020\/05\/metro-lima-horario-24-mayo-20.jpg\" alt=\"\" width=\"688\" height=\"367\" srcset=\"https:\/\/elinformanteperu.com\/wp-content\/uploads\/2020\/05\/metro-lima-horario-24-mayo-20.jpg 688w, https:\/\/elinformanteperu.com\/wp-content\/uploads\/2020\/05\/metro-lima-horario-24-mayo-20-300x160.jpg 300w\" sizes=\"(max-width: 688px) 100vw, 688px\" \/><span style=\"color: #000000;\">La L\u00ednea 1 resalt\u00f3 que, debido a la disposici\u00f3n de mantener la distancia de un metro, seg\u00fan el Decreto Legislativo N\u00b0 1458, la capacidad de sus trenes se encuentra disminuida.<\/span><\/p>\n<p><span style=\"color: #000000;\">\u201cLes pedimos tomar precauciones por el incremento del tiempo para el ingreso a la estaci\u00f3n y la posibilidad de no ingresar al sistema\u201d, se\u00f1ala el comunicado.<\/span><\/p>\n<p><span style=\"color: #000000;\">Para m\u00e1s informaci\u00f3n sobre los horarios del servicio visitar la web <strong>www.lineauno.pe<\/strong> o descargar el aplicativo L\u00ednea 1.<\/span><\/p>\n","protected":false},"excerpt":{"rendered":"<p>Tras conocerse las modificaciones a las condiciones de inamovilidad social obligatoria, el concesionario del Metro de Lima inform\u00f3 el nuevo horario de este servicio ferroviario. Lima, 10 Mayo 2020, (ANDINA).- Tras conocerse las modificaciones a las condiciones de inamovilidad social obligatoria decretadas por el Gobierno, y que se prolongar\u00e1n hasta el domingo 24 de mayo, [&hellip;]<\/p>\n","protected":false},"author":1,"featured_media":70976,"comment_status":"open","ping_status":"open","sticky":false,"template":"","format":"standard","meta":{"rop_custom_images_group":[],"rop_custom_messages_group":[],"rop_publish_now":"initial","rop_publish_now_accounts":[],"rop_publish_now_history":[],"rop_publish_now_status":"pending","footnotes":""},"categories":[10],"tags":[2587,5374],"class_list":["post-70974","post","type-post","status-publish","format-standard","has-post-thumbnail","hentry","category-actualidad-municipal","tag-metro-de-lima","tag-peru-estado-de-emergencia"],"_links":{"self":[{"href":"https:\/\/elinformanteperu.com\/index.php\/wp-json\/wp\/v2\/posts\/70974","targetHints":{"allow":["GET"]}}],"collection":[{"href":"https:\/\/elinformanteperu.com\/index.php\/wp-json\/wp\/v2\/posts"}],"about":[{"href":"https:\/\/elinformanteperu.com\/index.php\/wp-json\/wp\/v2\/types\/post"}],"author":[{"embeddable":true,"href":"https:\/\/elinformanteperu.com\/index.php\/wp-json\/wp\/v2\/users\/1"}],"replies":[{"embeddable":true,"href":"https:\/\/elinformanteperu.com\/index.php\/wp-json\/wp\/v2\/comments?post=70974"}],"version-history":[{"count":1,"href":"https:\/\/elinformanteperu.com\/index.php\/wp-json\/wp\/v2\/posts\/70974\/revisions"}],"predecessor-version":[{"id":70977,"href":"https:\/\/elinformanteperu.com\/index.php\/wp-json\/wp\/v2\/posts\/70974\/revisions\/70977"}],"wp:featuredmedia":[{"embeddable":true,"href":"https:\/\/elinformanteperu.com\/index.php\/wp-json\/wp\/v2\/media\/70976"}],"wp:attachment":[{"href":"https:\/\/elinformanteperu.com\/index.php\/wp-json\/wp\/v2\/media?parent=70974"}],"wp:term":[{"taxonomy":"category","embeddable":true,"href":"https:\/\/elinformanteperu.com\/index.php\/wp-json\/wp\/v2\/categories?post=70974"},{"taxonomy":"post_tag","embeddable":true,"href":"https:\/\/elinformanteperu.com\/index.php\/wp-json\/wp\/v2\/tags?post=70974"}],"curies":[{"name":"wp","href":"https:\/\/api.w.org\/{rel}","templated":true}]}}