{"id":7094,"date":"2017-03-06T01:20:10","date_gmt":"2017-03-06T06:20:10","guid":{"rendered":"http:\/\/elinformanteperu.com\/?p=7094"},"modified":"2017-03-06T01:20:10","modified_gmt":"2017-03-06T06:20:10","slug":"plantean-formar-grupo-independiente-en-lugar-de-comision-de-etica","status":"publish","type":"post","link":"https:\/\/elinformanteperu.com\/index.php\/2017\/03\/06\/plantean-formar-grupo-independiente-en-lugar-de-comision-de-etica\/","title":{"rendered":"Plantean formar grupo independiente en lugar de Comisi\u00f3n de \u00c9tica"},"content":{"rendered":"<p><strong>El legislador Yonhy Lescano, del Partido Acci\u00f3n Popular, anunci\u00f3 que presentar\u00e1 un proyecto de ley para desactivar la Comisi\u00f3n de \u00c9tica.<\/strong><\/p>\n<p><strong>Lima, 05 Marzo 2017, (ANDINA).-<\/strong> El legislador Yonhy Lescano, del Partido Acci\u00f3n Popular, anunci\u00f3 que presentar\u00e1 un proyecto de ley para desactivar la Comisi\u00f3n de \u00c9tica y formar en su lugar un grupo externo formado por personalidades independientes que atienda las denuncias contra los parlamentarios.<\/p>\n<p>\u201cAs\u00ed como est\u00e1 no puede seguir funcionando, casos que debieron ser investigados al final fueron desestimados, eso no est\u00e1 bien\u201d, indic\u00f3 en declaraciones a la Agencia Andina.<\/p>\n<p>Seg\u00fan dijo, su iniciativa apunta a que, desactivada la Comisi\u00f3n de \u00c9tica, se forme una comisi\u00f3n u \u00f3rgano externo, integrado por gente del Colegio de Abogados, y de las universidades e instituciones de prestigio como la Defensor\u00eda del Pueblo.<\/p>\n<p>\u201cDeben ser personas independientes las que vean las denuncias, ser\u00e1 mucho m\u00e1s conveniente que as\u00ed se eval\u00fae la conducta de los congresistas porque como hoy est\u00e1n las cosas todo se politiza\u201d, consider\u00f3 el parlamentario.<\/p>\n<p>Lescano refiri\u00f3 tambi\u00e9n que contin\u00faa evaluando su retiro de la Comisi\u00f3n de \u00c9tica, luego de que en la \u00faltima sesi\u00f3n extraordinaria se desestimara las denuncias contra la titular del Congreso, Luz Salgado, y el legislador Kenji Fujimori, ambos de la bancada Fuerza Popular, que tiene mayor\u00eda en el Poder Legislativo.<\/p>\n<p>\u201cYo ya he mostrado mi malestar tiempo atr\u00e1s y la comisi\u00f3n no da muestras de querer cambiar, seguimos evaluando la posibilidad de mi retiro, voy a analizar bien el tema para tomar una determinaci\u00f3n\u201d, a\u00f1adi\u00f3.<\/p>\n<p>El lunes pasado, la Comisi\u00f3n de \u00c9tica desestim\u00f3 abrir investigaci\u00f3n a los legisladores Fujimori, Salgado y Betty Ananculi, de Fuerza Popular, agrupaci\u00f3n a la cual pertenece el titular de dicho grupo de trabajo, Segundo Tapia.<\/p>\n<p>Kenji Fujimori fue denunciado por la entrega de donaciones en Cusco; Salgado por incumplir con el ofrecimiento de renunciar si se detectaba irregularidades en la compra de computadoras para el Congreso; y Ananculi por mentir en su hoja de vida.<\/p>\n","protected":false},"excerpt":{"rendered":"<p>El legislador Yonhy Lescano, del Partido Acci\u00f3n Popular, anunci\u00f3 que presentar\u00e1 un proyecto de ley para desactivar la Comisi\u00f3n de \u00c9tica. Lima, 05 Marzo 2017, (ANDINA).- El legislador Yonhy Lescano, del Partido Acci\u00f3n Popular, anunci\u00f3 que presentar\u00e1 un proyecto de ley para desactivar la Comisi\u00f3n de \u00c9tica y formar en su lugar un grupo externo [&hellip;]<\/p>\n","protected":false},"author":1,"featured_media":2830,"comment_status":"open","ping_status":"open","sticky":false,"template":"","format":"standard","meta":{"rop_custom_images_group":[],"rop_custom_messages_group":[],"rop_publish_now":"initial","rop_publish_now_accounts":[],"rop_publish_now_history":[],"rop_publish_now_status":"pending","footnotes":""},"categories":[5],"tags":[326,192,475],"class_list":["post-7094","post","type-post","status-publish","format-standard","has-post-thumbnail","hentry","category-actualidad-informativa","tag-accion-popular","tag-congreso","tag-yonhy-lescano"],"_links":{"self":[{"href":"https:\/\/elinformanteperu.com\/index.php\/wp-json\/wp\/v2\/posts\/7094","targetHints":{"allow":["GET"]}}],"collection":[{"href":"https:\/\/elinformanteperu.com\/index.php\/wp-json\/wp\/v2\/posts"}],"about":[{"href":"https:\/\/elinformanteperu.com\/index.php\/wp-json\/wp\/v2\/types\/post"}],"author":[{"embeddable":true,"href":"https:\/\/elinformanteperu.com\/index.php\/wp-json\/wp\/v2\/users\/1"}],"replies":[{"embeddable":true,"href":"https:\/\/elinformanteperu.com\/index.php\/wp-json\/wp\/v2\/comments?post=7094"}],"version-history":[{"count":1,"href":"https:\/\/elinformanteperu.com\/index.php\/wp-json\/wp\/v2\/posts\/7094\/revisions"}],"predecessor-version":[{"id":7095,"href":"https:\/\/elinformanteperu.com\/index.php\/wp-json\/wp\/v2\/posts\/7094\/revisions\/7095"}],"wp:featuredmedia":[{"embeddable":true,"href":"https:\/\/elinformanteperu.com\/index.php\/wp-json\/wp\/v2\/media\/2830"}],"wp:attachment":[{"href":"https:\/\/elinformanteperu.com\/index.php\/wp-json\/wp\/v2\/media?parent=7094"}],"wp:term":[{"taxonomy":"category","embeddable":true,"href":"https:\/\/elinformanteperu.com\/index.php\/wp-json\/wp\/v2\/categories?post=7094"},{"taxonomy":"post_tag","embeddable":true,"href":"https:\/\/elinformanteperu.com\/index.php\/wp-json\/wp\/v2\/tags?post=7094"}],"curies":[{"name":"wp","href":"https:\/\/api.w.org\/{rel}","templated":true}]}}