{"id":70760,"date":"2020-05-07T21:19:19","date_gmt":"2020-05-08T02:19:19","guid":{"rendered":"http:\/\/elinformanteperu.com\/?p=70760"},"modified":"2020-05-07T21:19:19","modified_gmt":"2020-05-08T02:19:19","slug":"bancada-fuerza-popular-se-abstiene-en-votacion-sobre-renuncia-de-mercedes-araoz","status":"publish","type":"post","link":"https:\/\/elinformanteperu.com\/index.php\/2020\/05\/07\/bancada-fuerza-popular-se-abstiene-en-votacion-sobre-renuncia-de-mercedes-araoz\/","title":{"rendered":"Bancada Fuerza Popular se abstiene en votaci\u00f3n sobre renuncia de Mercedes Ar\u00e1oz"},"content":{"rendered":"<p><strong><span style=\"color: #000000;\">La bancada de Fuerza Popular voto en abstenci\u00f3n durante la sesi\u00f3n virtual del pleno que acept\u00f3 la renuncia de Mercedes Ar\u00e1oz Fern\u00e1ndez.<\/span><\/strong><\/p>\n<p><span style=\"color: #000000;\"><strong>Lima, 07 Mayo 2020, (ANDINA).-<\/strong> La bancada de Fuerza Popular (FP) voto en abstenci\u00f3n durante la sesi\u00f3n virtual del pleno que acept\u00f3 la renuncia de Mercedes Ar\u00e1oz Fern\u00e1ndez a la segunda vicepresidencia de la Rep\u00fablica.<\/span><\/p>\n<p><span style=\"color: #000000;\">El vocero de la citada agrupaci\u00f3n pol\u00edtica, Diethell Columbus Murata, inform\u00f3 a la Presidencia del Parlamento que los 15 miembros de su bancada tomaron esa decisi\u00f3n.<\/span><\/p>\n<p><span style=\"color: #000000;\">Momentos antes, en su intervenci\u00f3n, el citado legislador llam\u00f3 a la reflexi\u00f3n y expres\u00f3 su preocupaci\u00f3n de que el covid-19 haya afectado a un miembro del Poder Ejecutivo.<\/span><\/p>\n<p><span style=\"color: #000000;\">\u201cEs cierto, Mercedes Ar\u00e1oz ha presentado su renuncia, pero sobre el tema de esta renuncia est\u00e1 tambi\u00e9n la estabilidad pol\u00edtica del pa\u00eds ante una crisis como la que estamos viviendo\u201d, refiri\u00f3.<\/span><\/p>\n<p><span style=\"color: #000000;\">Columbus expres\u00f3 su preocupaci\u00f3n sobre una eventual sucesi\u00f3n en los altos cargos del Ejecutivo si sus principales autoridades son afectadas por el coronavirus y tienen que apartarse temporalmente del cargo.<\/span><\/p>\n<p><span style=\"color: #000000;\">El Parlamento aprob\u00f3 con 112 votos a favor, ninguno en contra y 15 abstenciones, la dimisi\u00f3n de Ar\u00e1oz.<\/span><\/p>\n","protected":false},"excerpt":{"rendered":"<p>La bancada de Fuerza Popular voto en abstenci\u00f3n durante la sesi\u00f3n virtual del pleno que acept\u00f3 la renuncia de Mercedes Ar\u00e1oz Fern\u00e1ndez. Lima, 07 Mayo 2020, (ANDINA).- La bancada de Fuerza Popular (FP) voto en abstenci\u00f3n durante la sesi\u00f3n virtual del pleno que acept\u00f3 la renuncia de Mercedes Ar\u00e1oz Fern\u00e1ndez a la segunda vicepresidencia de [&hellip;]<\/p>\n","protected":false},"author":1,"featured_media":64152,"comment_status":"open","ping_status":"open","sticky":false,"template":"","format":"standard","meta":{"rop_custom_images_group":[],"rop_custom_messages_group":[],"rop_publish_now":"initial","rop_publish_now_accounts":[],"rop_publish_now_history":[],"rop_publish_now_status":"pending","footnotes":""},"categories":[5],"tags":[192,2591,295,79],"class_list":["post-70760","post","type-post","status-publish","format-standard","has-post-thumbnail","hentry","category-actualidad-informativa","tag-congreso","tag-diethell-columbus","tag-fuerza-popular","tag-mercedes-araoz"],"_links":{"self":[{"href":"https:\/\/elinformanteperu.com\/index.php\/wp-json\/wp\/v2\/posts\/70760","targetHints":{"allow":["GET"]}}],"collection":[{"href":"https:\/\/elinformanteperu.com\/index.php\/wp-json\/wp\/v2\/posts"}],"about":[{"href":"https:\/\/elinformanteperu.com\/index.php\/wp-json\/wp\/v2\/types\/post"}],"author":[{"embeddable":true,"href":"https:\/\/elinformanteperu.com\/index.php\/wp-json\/wp\/v2\/users\/1"}],"replies":[{"embeddable":true,"href":"https:\/\/elinformanteperu.com\/index.php\/wp-json\/wp\/v2\/comments?post=70760"}],"version-history":[{"count":1,"href":"https:\/\/elinformanteperu.com\/index.php\/wp-json\/wp\/v2\/posts\/70760\/revisions"}],"predecessor-version":[{"id":70761,"href":"https:\/\/elinformanteperu.com\/index.php\/wp-json\/wp\/v2\/posts\/70760\/revisions\/70761"}],"wp:featuredmedia":[{"embeddable":true,"href":"https:\/\/elinformanteperu.com\/index.php\/wp-json\/wp\/v2\/media\/64152"}],"wp:attachment":[{"href":"https:\/\/elinformanteperu.com\/index.php\/wp-json\/wp\/v2\/media?parent=70760"}],"wp:term":[{"taxonomy":"category","embeddable":true,"href":"https:\/\/elinformanteperu.com\/index.php\/wp-json\/wp\/v2\/categories?post=70760"},{"taxonomy":"post_tag","embeddable":true,"href":"https:\/\/elinformanteperu.com\/index.php\/wp-json\/wp\/v2\/tags?post=70760"}],"curies":[{"name":"wp","href":"https:\/\/api.w.org\/{rel}","templated":true}]}}