{"id":70661,"date":"2020-05-07T16:44:12","date_gmt":"2020-05-07T21:44:12","guid":{"rendered":"http:\/\/elinformanteperu.com\/?p=70661"},"modified":"2020-05-07T19:18:53","modified_gmt":"2020-05-08T00:18:53","slug":"madonna-dona-un-millon-de-dolares-para-combatir-coronavirus","status":"publish","type":"post","link":"https:\/\/elinformanteperu.com\/index.php\/2020\/05\/07\/madonna-dona-un-millon-de-dolares-para-combatir-coronavirus\/","title":{"rendered":"Madonna dona un mill\u00f3n de d\u00f3lares para combatir coronavirus"},"content":{"rendered":"<p><strong><span style=\"color: #000000;\">Madonna aclar\u00f3 que padeci\u00f3 COVID-19 a principios de marzo, durante el final de su gira en Par\u00eds y que por ello tiene anticuerpos detectados por los test del coronavirus.<\/span><\/strong><\/p>\n<p><span style=\"color: #000000;\"><strong>Los \u00c1ngeles, 07 Mayo 2020, (ANDINA).-<\/strong> Madonna aclar\u00f3 que padeci\u00f3 COVID-19 a principios de marzo, durante el final de su gira en Par\u00eds y que por ello tiene anticuerpos detectados por los test del coronavirus, una noticia por la que varios medios especularon con que la cantante estaba enferma.<\/span><\/p>\n<p><span style=\"color: #000000;\">La artista explic\u00f3 esta circunstancia en una publicaci\u00f3n de Instagram en la que tambi\u00e9n inform\u00f3 que acaba de donar 1 mill\u00f3n de d\u00f3lares a un fondo de ayuda internacional para desarrollar una vacuna y tratamientos contra la enfermedad.<\/span><\/p>\n<p><span style=\"color: #000000;\">\u00abCuando uno da positivo por anticuerpos significa que ha tenido el virus, lo que claramente me pas\u00f3 cuando estuve enferma al final de mi gira en Par\u00eds hace m\u00e1s de 7 semanas\u00bb, indic\u00f3 la autora de \u00abMaterial Girl\u00bb.<\/span><\/p>\n<p><span style=\"color: #000000;\">Adem\u00e1s, Madonna, de 61 a\u00f1os, se\u00f1al\u00f3 que el resto del equipo que la acompa\u00f1aba en los ensayos y sobre el escenario tambi\u00e9n estuvo enfermo durante ese periodo.<\/span><\/p>\n<p><span style=\"color: #000000;\">\u00abTodos pensamos que ten\u00edamos una gripe muy grave. Gracias a Dios, todos estamos sanos y bien ahora. \u00a1Espero que eso aclare las cosas para los que van demasiado deprisa! \u00a1El conocimiento es poder!\u00bb, asegur\u00f3.<\/span><\/p>\n<p><span style=\"color: #000000;\">Por su parte, esta semana Madonna fue una de las participantes en la conferencia internacional de donantes organizada por la Uni\u00f3n Europea para el desarrollo de nuevos m\u00e9todos de diagn\u00f3stico, tratamientos y una vacuna universal contra el coronavirus, en la que no particip\u00f3 Estados Unidos.<\/span><\/p>\n<p><iframe title=\"Madonna, Maluma - Medell\u00edn\" width=\"615\" height=\"346\" src=\"https:\/\/www.youtube.com\/embed\/xAxNaLAR2to?feature=oembed\" frameborder=\"0\" allow=\"accelerometer; autoplay; clipboard-write; encrypted-media; gyroscope; picture-in-picture; web-share\" referrerpolicy=\"strict-origin-when-cross-origin\" allowfullscreen><\/iframe><\/p>\n","protected":false},"excerpt":{"rendered":"<p>Madonna aclar\u00f3 que padeci\u00f3 COVID-19 a principios de marzo, durante el final de su gira en Par\u00eds y que por ello tiene anticuerpos detectados por los test del coronavirus. Los \u00c1ngeles, 07 Mayo 2020, (ANDINA).- Madonna aclar\u00f3 que padeci\u00f3 COVID-19 a principios de marzo, durante el final de su gira en Par\u00eds y que por [&hellip;]<\/p>\n","protected":false},"author":1,"featured_media":70675,"comment_status":"open","ping_status":"open","sticky":false,"template":"","format":"standard","meta":{"rop_custom_images_group":[],"rop_custom_messages_group":[],"rop_publish_now":"initial","rop_publish_now_accounts":[],"rop_publish_now_history":[],"rop_publish_now_status":"pending","footnotes":""},"categories":[69],"tags":[658],"class_list":["post-70661","post","type-post","status-publish","format-standard","has-post-thumbnail","hentry","category-musica","tag-madonna"],"_links":{"self":[{"href":"https:\/\/elinformanteperu.com\/index.php\/wp-json\/wp\/v2\/posts\/70661","targetHints":{"allow":["GET"]}}],"collection":[{"href":"https:\/\/elinformanteperu.com\/index.php\/wp-json\/wp\/v2\/posts"}],"about":[{"href":"https:\/\/elinformanteperu.com\/index.php\/wp-json\/wp\/v2\/types\/post"}],"author":[{"embeddable":true,"href":"https:\/\/elinformanteperu.com\/index.php\/wp-json\/wp\/v2\/users\/1"}],"replies":[{"embeddable":true,"href":"https:\/\/elinformanteperu.com\/index.php\/wp-json\/wp\/v2\/comments?post=70661"}],"version-history":[{"count":1,"href":"https:\/\/elinformanteperu.com\/index.php\/wp-json\/wp\/v2\/posts\/70661\/revisions"}],"predecessor-version":[{"id":70662,"href":"https:\/\/elinformanteperu.com\/index.php\/wp-json\/wp\/v2\/posts\/70661\/revisions\/70662"}],"wp:featuredmedia":[{"embeddable":true,"href":"https:\/\/elinformanteperu.com\/index.php\/wp-json\/wp\/v2\/media\/70675"}],"wp:attachment":[{"href":"https:\/\/elinformanteperu.com\/index.php\/wp-json\/wp\/v2\/media?parent=70661"}],"wp:term":[{"taxonomy":"category","embeddable":true,"href":"https:\/\/elinformanteperu.com\/index.php\/wp-json\/wp\/v2\/categories?post=70661"},{"taxonomy":"post_tag","embeddable":true,"href":"https:\/\/elinformanteperu.com\/index.php\/wp-json\/wp\/v2\/tags?post=70661"}],"curies":[{"name":"wp","href":"https:\/\/api.w.org\/{rel}","templated":true}]}}