{"id":70656,"date":"2020-05-06T22:50:29","date_gmt":"2020-05-07T03:50:29","guid":{"rendered":"http:\/\/elinformanteperu.com\/?p=70656"},"modified":"2020-05-06T22:50:29","modified_gmt":"2020-05-07T03:50:29","slug":"estado-dara-asistencia-tecnica-a-empresas-para-implementar-protocolos-sanitarios","status":"publish","type":"post","link":"https:\/\/elinformanteperu.com\/index.php\/2020\/05\/06\/estado-dara-asistencia-tecnica-a-empresas-para-implementar-protocolos-sanitarios\/","title":{"rendered":"Estado dar\u00e1 asistencia t\u00e9cnica a empresas para implementar protocolos sanitarios"},"content":{"rendered":"<p><span style=\"color: #000000;\"><strong>La ministra de Trabajo, Sylvia C\u00e1ceres, sostuvo que el Estado brindar\u00e1 asistencia t\u00e9cnica a las empresas para la implementaci\u00f3n de los protocolos sanitarios.<\/strong><\/span><\/p>\n<p><span style=\"color: #000000;\"><strong>Lima, 06 Mayo 2020, (ANDINA).- <\/strong>La ministra de Trabajo y Promoci\u00f3n del Empleo, Sylvia C\u00e1ceres, sostuvo que el Estado brindar\u00e1 asistencia t\u00e9cnica a las empresas para la implementaci\u00f3n de los protocolos sanitarios vinculados a las actividades que reanudan sus operaciones en el marco de la reactivaci\u00f3n econ\u00f3mica.<\/span><\/p>\n<p><span style=\"color: #000000;\">\u201cHay empresas que tendr\u00e1n la oportunidad y las condiciones para atender cada una de esas obligaciones, y aquellas que por su tama\u00f1o o la naturaleza de sus actividades pudieran encontrar dificultades en su aplicaci\u00f3n, para eso est\u00e1 el Estado, para brindar la asistencia t\u00e9cnica que corresponda y la orientaci\u00f3n\u201d, dijo en Canal N.<\/span><\/p>\n<p><span style=\"color: #000000;\">Sylvia C\u00e1ceres enfatiz\u00f3 que el Ministerio de Salud es la autoridad competente para fijar cu\u00e1l es el est\u00e1ndar de protecci\u00f3n en los centros de trabajo en esta coyuntura de propagaci\u00f3n del coronavirus.<\/span><\/p>\n<p><span style=\"color: #000000;\">\u201cEn condiciones normales de desarrollo de actividades el di\u00e1logo social es un instrumento donde se habla, y las consultas podr\u00edan discurrir en t\u00e9rminos normales, pero en este caso en particular, los temas econ\u00f3micos se est\u00e1n subordinando a criterios sanitarios en raz\u00f3n del alto impacto de p\u00e9rdida de vidas humanas que est\u00e1 generando este virus\u201d, se\u00f1al\u00f3.<\/span><\/p>\n<p><span style=\"color: #000000;\">\u201cEl est\u00e1ndar de protecci\u00f3n est\u00e1 considerando cu\u00e1les son esos factores que exponen m\u00e1s a las personas en general, y a los trabajadores en particular, a contraer el virus y que pueden generar un desenlace fatal\u201d, agreg\u00f3.<\/span><\/p>\n<p><span style=\"color: #000000;\">La ministra destac\u00f3 que ya se aprobaron cuatro protocolos espec\u00edficos (pesca industrial; miner\u00eda, hidrocarburos y electricidad; textiles y confecciones, y comercio electr\u00f3nico), generados por los sectores involucrados.<\/span><\/p>\n<p><span style=\"color: #000000;\">\u201cLo que sigue es que cada empresa presentar\u00e1 un plan que ser\u00e1 inscrito en una plataforma administrada por el Ministerio de Salud, con la aprobaci\u00f3n de su respectivo sector\u201d, manifest\u00f3.<\/span><\/p>\n<p><strong><span style=\"color: #000000;\">Autorizaciones y multas<\/span><\/strong><\/p>\n<p><span style=\"color: #000000;\">Asimismo, Sylvia C\u00e1ceres indic\u00f3 que cada ministerio responsable de las actividades que reanudar\u00e1n sus operaciones, otorgar\u00e1 las autorizaciones a las empresas en un m\u00e1ximo de 48 horas despu\u00e9s de presentada la solicitud del caso.<\/span><\/p>\n<p><span style=\"color: #000000;\">\u201cSe ha dispuesto que la revisi\u00f3n de la solicitud presentada por las empresas prev\u00e9 un mecanismo muy r\u00e1pido de respuesta, que ser\u00e1 un correo electr\u00f3nico o un oficio. Cada sector ha se\u00f1alado que est\u00e1 en condiciones de responder en 24 a 48 horas de la presentaci\u00f3n de la solicitud\u201d, afirm\u00f3.<\/span><\/p>\n<p><span style=\"color: #000000;\">La ministra tambi\u00e9n mencion\u00f3 que las empresas que obliguen a los trabajadores a acudir a su centro de labores, sabiendo que tienen factores de riesgo (obesidad o enfermedades cr\u00f3nicas), estar\u00e1n cometiendo una falta grave y se les aplicar\u00e1 multas elevadas.<\/span><\/p>\n<p><span style=\"color: #000000;\">\u201cDepende de la naturaleza de la infracci\u00f3n. Si el empleador sabe que uno de sus trabajadores tiene factores de riesgo y lo obliga ir a trabajar, estamos hablando de una infracci\u00f3n muy grave, y las multas que se pueden imponer por esa situaci\u00f3n pueden partir de una base de 40,000 soles y multiplicarse por el n\u00famero de trabajadores afectados\u201d, dijo.<\/span><\/p>\n","protected":false},"excerpt":{"rendered":"<p>La ministra de Trabajo, Sylvia C\u00e1ceres, sostuvo que el Estado brindar\u00e1 asistencia t\u00e9cnica a las empresas para la implementaci\u00f3n de los protocolos sanitarios. Lima, 06 Mayo 2020, (ANDINA).- La ministra de Trabajo y Promoci\u00f3n del Empleo, Sylvia C\u00e1ceres, sostuvo que el Estado brindar\u00e1 asistencia t\u00e9cnica a las empresas para la implementaci\u00f3n de los protocolos sanitarios [&hellip;]<\/p>\n","protected":false},"author":1,"featured_media":70657,"comment_status":"open","ping_status":"open","sticky":false,"template":"","format":"standard","meta":{"rop_custom_images_group":[],"rop_custom_messages_group":[],"rop_publish_now":"initial","rop_publish_now_accounts":[],"rop_publish_now_history":[],"rop_publish_now_status":"pending","footnotes":""},"categories":[5],"tags":[320,1850,4367],"class_list":["post-70656","post","type-post","status-publish","format-standard","has-post-thumbnail","hentry","category-actualidad-informativa","tag-ministerio-de-trabajo","tag-mtpe","tag-sylvia-caceres"],"_links":{"self":[{"href":"https:\/\/elinformanteperu.com\/index.php\/wp-json\/wp\/v2\/posts\/70656","targetHints":{"allow":["GET"]}}],"collection":[{"href":"https:\/\/elinformanteperu.com\/index.php\/wp-json\/wp\/v2\/posts"}],"about":[{"href":"https:\/\/elinformanteperu.com\/index.php\/wp-json\/wp\/v2\/types\/post"}],"author":[{"embeddable":true,"href":"https:\/\/elinformanteperu.com\/index.php\/wp-json\/wp\/v2\/users\/1"}],"replies":[{"embeddable":true,"href":"https:\/\/elinformanteperu.com\/index.php\/wp-json\/wp\/v2\/comments?post=70656"}],"version-history":[{"count":1,"href":"https:\/\/elinformanteperu.com\/index.php\/wp-json\/wp\/v2\/posts\/70656\/revisions"}],"predecessor-version":[{"id":70658,"href":"https:\/\/elinformanteperu.com\/index.php\/wp-json\/wp\/v2\/posts\/70656\/revisions\/70658"}],"wp:featuredmedia":[{"embeddable":true,"href":"https:\/\/elinformanteperu.com\/index.php\/wp-json\/wp\/v2\/media\/70657"}],"wp:attachment":[{"href":"https:\/\/elinformanteperu.com\/index.php\/wp-json\/wp\/v2\/media?parent=70656"}],"wp:term":[{"taxonomy":"category","embeddable":true,"href":"https:\/\/elinformanteperu.com\/index.php\/wp-json\/wp\/v2\/categories?post=70656"},{"taxonomy":"post_tag","embeddable":true,"href":"https:\/\/elinformanteperu.com\/index.php\/wp-json\/wp\/v2\/tags?post=70656"}],"curies":[{"name":"wp","href":"https:\/\/api.w.org\/{rel}","templated":true}]}}