{"id":7008,"date":"2017-03-02T23:57:24","date_gmt":"2017-03-03T04:57:24","guid":{"rendered":"http:\/\/elinformanteperu.com\/?p=7008"},"modified":"2017-03-02T23:57:24","modified_gmt":"2017-03-03T04:57:24","slug":"juan-vargas-tengo-para-jugar-3-o-4-anos-mas-no-se-si-aca-o-fuera","status":"publish","type":"post","link":"https:\/\/elinformanteperu.com\/index.php\/2017\/03\/02\/juan-vargas-tengo-para-jugar-3-o-4-anos-mas-no-se-si-aca-o-fuera\/","title":{"rendered":"Juan Vargas: \u00bb Tengo para jugar 3 o 4 a\u00f1os m\u00e1s, no s\u00e9 si ac\u00e1 o fuera\u00bb"},"content":{"rendered":"<p><strong>El jugador peruano Juan Manuel Vargas, que tiene contrato hasta junio del 2017 con Universitario de Deportes, dijo que su retiro del f\u00fatbol todav\u00eda est\u00e1 lejos.<\/strong><\/p>\n<p><strong>Lima, 02 Marzo 2017, (ANDINA).-<\/strong> El jugador peruano Juan Manuel Vargas, que tiene contrato hasta junio del 2017 con Universitario de Deportes, dijo que su retiro del f\u00fatbol todav\u00eda est\u00e1 lejos aunque no ha definido su pr\u00f3ximo destino.<\/p>\n<p>\u00abHe venido al Per\u00fa a recuperar mi nivel, no s\u00e9 si me voy a quedar ac\u00e1 (en Universitario) en junio. Tengo para jugar 3 o 4 a\u00f1os m\u00e1s, no s\u00e9 si ac\u00e1 o fuera, tengo propuestas. Solamente he venido a jugar f\u00fatbol\u00bb, apunt\u00f3 el exjugador de Real Betis de Espa\u00f1a.<\/p>\n<p>El futbolista de 33 a\u00f1os, cuestionado por su bajo rendimiento y actos de indisciplina, ratific\u00f3 su compromiso con la instituci\u00f3n merengue: \u00abEstoy en el equipo que soy hincha. Perjudicarme, perjudicar al equipo o faltar el respeto a mis compa\u00f1eros ya no es lo m\u00edo. Ya no estoy en discotecas ni madrugadas\u00bb.<\/p>\n<p>Juan Manuel Vargas, m\u00e1s conocido como Loco, lleg\u00f3 a Universitario de Deportes en medio de mucha expectativa; sin embargo, en la actual temporada, su desempe\u00f1o es reiteradamente cuestionado, mientras el equipo marcha en los \u00faltimos lugares del Torneo de Verano.<\/p>\n<p><img fetchpriority=\"high\" decoding=\"async\" class=\"size-large wp-image-3675 aligncenter\" src=\"http:\/\/elinformanteperu.com\/wp-content\/uploads\/2017\/01\/vargas-u-1024x744.jpg\" alt=\"\" width=\"615\" height=\"447\" srcset=\"https:\/\/elinformanteperu.com\/wp-content\/uploads\/2017\/01\/vargas-u-1024x744.jpg 1024w, https:\/\/elinformanteperu.com\/wp-content\/uploads\/2017\/01\/vargas-u-300x218.jpg 300w, https:\/\/elinformanteperu.com\/wp-content\/uploads\/2017\/01\/vargas-u-768x558.jpg 768w, https:\/\/elinformanteperu.com\/wp-content\/uploads\/2017\/01\/vargas-u-128x93.jpg 128w, https:\/\/elinformanteperu.com\/wp-content\/uploads\/2017\/01\/vargas-u-32x23.jpg 32w, https:\/\/elinformanteperu.com\/wp-content\/uploads\/2017\/01\/vargas-u.jpg 1800w\" sizes=\"(max-width: 615px) 100vw, 615px\" \/><\/p>\n","protected":false},"excerpt":{"rendered":"<p>El jugador peruano Juan Manuel Vargas, que tiene contrato hasta junio del 2017 con Universitario de Deportes, dijo que su retiro del f\u00fatbol todav\u00eda est\u00e1 lejos. Lima, 02 Marzo 2017, (ANDINA).- El jugador peruano Juan Manuel Vargas, que tiene contrato hasta junio del 2017 con Universitario de Deportes, dijo que su retiro del f\u00fatbol todav\u00eda [&hellip;]<\/p>\n","protected":false},"author":1,"featured_media":6691,"comment_status":"open","ping_status":"open","sticky":false,"template":"","format":"standard","meta":{"rop_custom_images_group":[],"rop_custom_messages_group":[],"rop_publish_now":"initial","rop_publish_now_accounts":[],"rop_publish_now_history":[],"rop_publish_now_status":"pending","footnotes":""},"categories":[8],"tags":[1001,1101,144],"class_list":["post-7008","post","type-post","status-publish","format-standard","has-post-thumbnail","hentry","category-disciplinas-deportivas","tag-juan-manuel-vargas","tag-torneo-de-verano-2017","tag-universitario-de-deportes"],"_links":{"self":[{"href":"https:\/\/elinformanteperu.com\/index.php\/wp-json\/wp\/v2\/posts\/7008","targetHints":{"allow":["GET"]}}],"collection":[{"href":"https:\/\/elinformanteperu.com\/index.php\/wp-json\/wp\/v2\/posts"}],"about":[{"href":"https:\/\/elinformanteperu.com\/index.php\/wp-json\/wp\/v2\/types\/post"}],"author":[{"embeddable":true,"href":"https:\/\/elinformanteperu.com\/index.php\/wp-json\/wp\/v2\/users\/1"}],"replies":[{"embeddable":true,"href":"https:\/\/elinformanteperu.com\/index.php\/wp-json\/wp\/v2\/comments?post=7008"}],"version-history":[{"count":1,"href":"https:\/\/elinformanteperu.com\/index.php\/wp-json\/wp\/v2\/posts\/7008\/revisions"}],"predecessor-version":[{"id":7009,"href":"https:\/\/elinformanteperu.com\/index.php\/wp-json\/wp\/v2\/posts\/7008\/revisions\/7009"}],"wp:featuredmedia":[{"embeddable":true,"href":"https:\/\/elinformanteperu.com\/index.php\/wp-json\/wp\/v2\/media\/6691"}],"wp:attachment":[{"href":"https:\/\/elinformanteperu.com\/index.php\/wp-json\/wp\/v2\/media?parent=7008"}],"wp:term":[{"taxonomy":"category","embeddable":true,"href":"https:\/\/elinformanteperu.com\/index.php\/wp-json\/wp\/v2\/categories?post=7008"},{"taxonomy":"post_tag","embeddable":true,"href":"https:\/\/elinformanteperu.com\/index.php\/wp-json\/wp\/v2\/tags?post=7008"}],"curies":[{"name":"wp","href":"https:\/\/api.w.org\/{rel}","templated":true}]}}