{"id":70067,"date":"2020-04-30T22:11:48","date_gmt":"2020-05-01T03:11:48","guid":{"rendered":"http:\/\/elinformanteperu.com\/?p=70067"},"modified":"2020-04-30T22:11:48","modified_gmt":"2020-05-01T03:11:48","slug":"daniel-urresti-presidira-la-comision-de-defensa-del-congreso","status":"publish","type":"post","link":"https:\/\/elinformanteperu.com\/index.php\/2020\/04\/30\/daniel-urresti-presidira-la-comision-de-defensa-del-congreso\/","title":{"rendered":"Daniel Urresti presidir\u00e1 la Comisi\u00f3n de Defensa del Congreso"},"content":{"rendered":"<p><strong><span style=\"color: #000000;\">Daniel Urresti (Podemos Per\u00fa) presidir\u00e1 la Comisi\u00f3n de Defensa Nacional del Congreso para el periodo 2020-2021.<\/span><\/strong><\/p>\n<p><span style=\"color: #000000;\"><strong>Lima, 30 Abril 2020, (ANDINA).-<\/strong> Daniel Urresti Elera (Podemos Per\u00fa) presidir\u00e1 la Comisi\u00f3n de Defensa Nacional, Orden Interno, Desarrollo Alternativo y Lucha contra las Drogas del Congreso para el periodo 2020-2021.<\/span><\/p>\n<p><span style=\"color: #000000;\">Acompa\u00f1ar\u00e1n al tambi\u00e9n exministro del Interior en la mesa directiva del citado grupo de trabajo Miguel Vivanco Reyes (Fuerza Popular), como vicepresidente, y Jhosept P\u00e9rez Mimbela (Alianza Para el Progreso), en su calidad de secretario.<\/span><\/p>\n<p><span style=\"color: #000000;\">En su intervenci\u00f3n, Urresti sostuvo la necesidad de establecer una legislaci\u00f3n de respaldo a las fuerzas del orden para potenciar su accionar frente a la delincuencia que se podr\u00eda incrementar tras el periodo de cuarentena.<\/span><\/p>\n<p><span style=\"color: #000000;\">\u201cEsta emergencia ya no es solo de salud, es m\u00e1s grande, aqu\u00ed tenemos que hablar de seguridad nacional. Por eso, es que estamos trabajando para hacer algunos cambios en la ley de movilizaci\u00f3n que no consideraba hechos como la pandemia\u201d.<\/span><\/p>\n<p><span style=\"color: #000000;\">La norma, dijo, \u201cse tiene que cambiar para que el Estado pueda hacer uso de las cosas que tienen los privados porque estamos en una guerra\u201d. En este tema, mencion\u00f3 la falta de personal militar, por ejemplo, para atender la actual emergencia.<\/span><\/p>\n<p><span style=\"color: #000000;\">En su sesi\u00f3n de instalaci\u00f3n virtual, la Comisi\u00f3n de Defensa acord\u00f3 pedir facultades investigadoras al pleno para indagar en 120 d\u00edas sobre las \u00faltimas compras efectuadas por la Polic\u00eda Nacional del Per\u00fa (PNP) en el contexto de la emergencia sanitaria por el covid-19.<\/span><\/p>\n","protected":false},"excerpt":{"rendered":"<p>Daniel Urresti (Podemos Per\u00fa) presidir\u00e1 la Comisi\u00f3n de Defensa Nacional del Congreso para el periodo 2020-2021. Lima, 30 Abril 2020, (ANDINA).- Daniel Urresti Elera (Podemos Per\u00fa) presidir\u00e1 la Comisi\u00f3n de Defensa Nacional, Orden Interno, Desarrollo Alternativo y Lucha contra las Drogas del Congreso para el periodo 2020-2021. Acompa\u00f1ar\u00e1n al tambi\u00e9n exministro del Interior en la [&hellip;]<\/p>\n","protected":false},"author":1,"featured_media":66238,"comment_status":"open","ping_status":"open","sticky":false,"template":"","format":"standard","meta":{"rop_custom_images_group":[],"rop_custom_messages_group":[],"rop_publish_now":"initial","rop_publish_now_accounts":[],"rop_publish_now_history":[],"rop_publish_now_status":"pending","footnotes":""},"categories":[5],"tags":[192,2951],"class_list":["post-70067","post","type-post","status-publish","format-standard","has-post-thumbnail","hentry","category-actualidad-informativa","tag-congreso","tag-daniel-urresti"],"_links":{"self":[{"href":"https:\/\/elinformanteperu.com\/index.php\/wp-json\/wp\/v2\/posts\/70067","targetHints":{"allow":["GET"]}}],"collection":[{"href":"https:\/\/elinformanteperu.com\/index.php\/wp-json\/wp\/v2\/posts"}],"about":[{"href":"https:\/\/elinformanteperu.com\/index.php\/wp-json\/wp\/v2\/types\/post"}],"author":[{"embeddable":true,"href":"https:\/\/elinformanteperu.com\/index.php\/wp-json\/wp\/v2\/users\/1"}],"replies":[{"embeddable":true,"href":"https:\/\/elinformanteperu.com\/index.php\/wp-json\/wp\/v2\/comments?post=70067"}],"version-history":[{"count":1,"href":"https:\/\/elinformanteperu.com\/index.php\/wp-json\/wp\/v2\/posts\/70067\/revisions"}],"predecessor-version":[{"id":70068,"href":"https:\/\/elinformanteperu.com\/index.php\/wp-json\/wp\/v2\/posts\/70067\/revisions\/70068"}],"wp:featuredmedia":[{"embeddable":true,"href":"https:\/\/elinformanteperu.com\/index.php\/wp-json\/wp\/v2\/media\/66238"}],"wp:attachment":[{"href":"https:\/\/elinformanteperu.com\/index.php\/wp-json\/wp\/v2\/media?parent=70067"}],"wp:term":[{"taxonomy":"category","embeddable":true,"href":"https:\/\/elinformanteperu.com\/index.php\/wp-json\/wp\/v2\/categories?post=70067"},{"taxonomy":"post_tag","embeddable":true,"href":"https:\/\/elinformanteperu.com\/index.php\/wp-json\/wp\/v2\/tags?post=70067"}],"curies":[{"name":"wp","href":"https:\/\/api.w.org\/{rel}","templated":true}]}}