{"id":70056,"date":"2020-04-30T21:27:51","date_gmt":"2020-05-01T02:27:51","guid":{"rendered":"http:\/\/elinformanteperu.com\/?p=70056"},"modified":"2020-04-30T21:27:51","modified_gmt":"2020-05-01T02:27:51","slug":"minedu-explica-como-y-cuando-trasladar-escolares-de-colegios-privados-a-publicos","status":"publish","type":"post","link":"https:\/\/elinformanteperu.com\/index.php\/2020\/04\/30\/minedu-explica-como-y-cuando-trasladar-escolares-de-colegios-privados-a-publicos\/","title":{"rendered":"Minedu explica c\u00f3mo y cu\u00e1ndo trasladar escolares de colegios privados a p\u00fablicos"},"content":{"rendered":"<p><strong><span style=\"color: #000000;\">El Minedu ha dispuesto la implementaci\u00f3n de una plataforma virtual para que los padres de familia o apoderados que requieran estudiar durante el a\u00f1o 2020 en un colegio p\u00fablico registren su solicitud.<\/span><\/strong><\/p>\n<p><span style=\"color: #000000;\"><strong>Lima, 30 Abril 2020, (ANDINA).-<\/strong> El Ministerio de Educaci\u00f3n (Minedu) ha dispuesto la implementaci\u00f3n de una plataforma virtual para que los padres de familia o apoderados que requieran estudiar durante el a\u00f1o 2020 en un colegio p\u00fablico regular o especial registren su solicitud entre el 8 y el 22 de mayo.<\/span><\/p>\n<p><span style=\"color: #000000;\">La resoluci\u00f3n ministerial N\u00b0 178-2020-Minedu, publicada en las normas legales del diario El Peruano, except\u00faa de este tr\u00e1mite a los Colegios de Alto Rendimiento (COAR), en cuyo caso el ingreso es v\u00eda examen de admisi\u00f3n.<\/span><\/p>\n<p><span style=\"color: #000000;\">De acuerdo con el ministerio, la solicitud puede referirse al traslado de un menor de una instituci\u00f3n educativa p\u00fablica o privada a una instituci\u00f3n educativa p\u00fablica; o al ingreso por primera vez del menor al sistema educativo peruano en un colegio p\u00fablico.<\/span><\/p>\n<p><span style=\"color: #000000;\">El estado de emergencia nacional ha generado que algunas personas no puedan acudir al colegio a realizar la matr\u00edcula, pero adem\u00e1s que algunas matr\u00edculas en tr\u00e1mite queden inconclusas. Y en el caso de colegios privados, que un grupo de padres cuyos ingresos se han visto reducidos, no puedan continuar pagando las mensualidades o pensiones, por lo que requieren migrar a una instituci\u00f3n educativa p\u00fablica.<\/span><\/p>\n<p><strong><span style=\"color: #000000;\">\u00bfQui\u00e9nes pueden hacer el traslado?<\/span><\/strong><\/p>\n<p><span style=\"color: #000000;\">Los representantes legales autorizados para hacer el traslado son el padre o la madre del menor, el abuelo o la abuela, el hermano o la hermana con 18 a\u00f1os cumplidos o m\u00e1s, el t\u00edo o la t\u00eda y otros parientes.<\/span><\/p>\n<p><span style=\"color: #000000;\">Asimismo, se indica que para el registro en la plataforma no es necesaria la presentaci\u00f3n de documentos f\u00edsicos y que toda la informaci\u00f3n que se registre tiene car\u00e1cter de declaraci\u00f3n jurada.<\/span><\/p>\n<p><span style=\"color: #000000;\">Posteriormente, en caso lo estimen pertinente, el Minedu y los directivos de las instituciones educativas p\u00fablicas podr\u00e1n verificarlo a trav\u00e9s de los medios disponibles.<\/span><\/p>\n<p><span style=\"color: #000000;\">En caso los directivos identifiquen falsedades, inexactitudes o errores en la informaci\u00f3n declarada, podr\u00e1n adoptar las medidas para corregir la situaci\u00f3n, conforme a las normas vigentes y, en especial, considerando las normas pedag\u00f3gicas pertinentes, priorizando siempre el inter\u00e9s superior del ni\u00f1o.<\/span><\/p>\n<p><strong><span style=\"color: #000000;\">Fechas claves<\/span><\/strong><\/p>\n<p><span style=\"color: #000000;\">Los directivos de cada instituci\u00f3n educativa deber\u00e1n completar los registros pendientes en el Sistema Integrado de informaci\u00f3n de Apoyo a la Gesti\u00f3n de la Instituci\u00f3n Educativa (SIAGIE) hasta el 7 de mayo o hasta agotar vacantes.<\/span><\/p>\n<p><span style=\"color: #000000;\">A partir del 8 de mayo no se podr\u00e1n ingresar m\u00e1s registros. Sobre la base de estas solicitudes, el Minedu establecer\u00e1 la modalidad de atenci\u00f3n id\u00f3nea que ofrecer\u00e1 en funci\u00f3n de la capacidad instalada y las posibilidades de ampliaci\u00f3n de la oferta p\u00fablica.<\/span><\/p>\n<p><span style=\"color: #000000;\">La norma se\u00f1ala tambi\u00e9n que las direcciones regionales de Educaci\u00f3n, o las que hagan sus veces, y las unidades de gesti\u00f3n educativa local, en el \u00e1mbito de sus competencias, deben disponer las acciones respectivas para supervisar, en lo que corresponda, el cumplimiento de lo dispuesto bajo responsabilidad.<\/span><\/p>\n<p><span style=\"color: #000000;\">Asimismo, hasta el 7 de mayo, las unidades de gesti\u00f3n educativa local (UGEL) deben brindar asistencia t\u00e9cnica a las instituciones educativas p\u00fablicas de Educaci\u00f3n B\u00e1sica Regular y Educaci\u00f3n B\u00e1sica Especial para el registro de las solicitudes en el Sistema de Informaci\u00f3n de Apoyo a la Gesti\u00f3n de la Instituci\u00f3n Educativa.<\/span><\/p>\n<p><span style=\"color: #000000;\">Posteriormente, debe brindar asistencia t\u00e9cnica para el cumplimiento de las tareas que les corresponden durante la implementaci\u00f3n de la plataforma virtual.<\/span><\/p>\n","protected":false},"excerpt":{"rendered":"<p>El Minedu ha dispuesto la implementaci\u00f3n de una plataforma virtual para que los padres de familia o apoderados que requieran estudiar durante el a\u00f1o 2020 en un colegio p\u00fablico registren su solicitud. Lima, 30 Abril 2020, (ANDINA).- El Ministerio de Educaci\u00f3n (Minedu) ha dispuesto la implementaci\u00f3n de una plataforma virtual para que los padres de [&hellip;]<\/p>\n","protected":false},"author":1,"featured_media":70057,"comment_status":"open","ping_status":"open","sticky":false,"template":"","format":"standard","meta":{"rop_custom_images_group":[],"rop_custom_messages_group":[],"rop_publish_now":"initial","rop_publish_now_accounts":[],"rop_publish_now_history":[],"rop_publish_now_status":"pending","footnotes":""},"categories":[10],"tags":[1668,328,5374],"class_list":["post-70056","post","type-post","status-publish","format-standard","has-post-thumbnail","hentry","category-actualidad-municipal","tag-minedu","tag-ministerio-de-de-educacion","tag-peru-estado-de-emergencia"],"_links":{"self":[{"href":"https:\/\/elinformanteperu.com\/index.php\/wp-json\/wp\/v2\/posts\/70056","targetHints":{"allow":["GET"]}}],"collection":[{"href":"https:\/\/elinformanteperu.com\/index.php\/wp-json\/wp\/v2\/posts"}],"about":[{"href":"https:\/\/elinformanteperu.com\/index.php\/wp-json\/wp\/v2\/types\/post"}],"author":[{"embeddable":true,"href":"https:\/\/elinformanteperu.com\/index.php\/wp-json\/wp\/v2\/users\/1"}],"replies":[{"embeddable":true,"href":"https:\/\/elinformanteperu.com\/index.php\/wp-json\/wp\/v2\/comments?post=70056"}],"version-history":[{"count":1,"href":"https:\/\/elinformanteperu.com\/index.php\/wp-json\/wp\/v2\/posts\/70056\/revisions"}],"predecessor-version":[{"id":70058,"href":"https:\/\/elinformanteperu.com\/index.php\/wp-json\/wp\/v2\/posts\/70056\/revisions\/70058"}],"wp:featuredmedia":[{"embeddable":true,"href":"https:\/\/elinformanteperu.com\/index.php\/wp-json\/wp\/v2\/media\/70057"}],"wp:attachment":[{"href":"https:\/\/elinformanteperu.com\/index.php\/wp-json\/wp\/v2\/media?parent=70056"}],"wp:term":[{"taxonomy":"category","embeddable":true,"href":"https:\/\/elinformanteperu.com\/index.php\/wp-json\/wp\/v2\/categories?post=70056"},{"taxonomy":"post_tag","embeddable":true,"href":"https:\/\/elinformanteperu.com\/index.php\/wp-json\/wp\/v2\/tags?post=70056"}],"curies":[{"name":"wp","href":"https:\/\/api.w.org\/{rel}","templated":true}]}}