{"id":70042,"date":"2020-04-30T21:15:09","date_gmt":"2020-05-01T02:15:09","guid":{"rendered":"http:\/\/elinformanteperu.com\/?p=70042"},"modified":"2020-04-30T21:15:09","modified_gmt":"2020-05-01T02:15:09","slug":"coronavirus-se-eleva-a-1051-los-fallecidos-y-a-36976-los-contagiados","status":"publish","type":"post","link":"https:\/\/elinformanteperu.com\/index.php\/2020\/04\/30\/coronavirus-se-eleva-a-1051-los-fallecidos-y-a-36976-los-contagiados\/","title":{"rendered":"Coronavirus: se eleva a 1,051 los fallecidos y a 36,976 los contagiados"},"content":{"rendered":"<p><strong><span style=\"color: #000000;\">A 1,051 se elev\u00f3 el n\u00famero de fallecidos y a 36,976 el de contagiados a causa del coronavirus (Covid-19) en el Per\u00fa, donde ya se han tamizado a 318,252 personas.<\/span><\/strong><\/p>\n<p><span style=\"color: #000000;\"><strong>Lima, 30 Abril 2020, (ANDINA).-<\/strong> A 1,051 se elev\u00f3 el n\u00famero de fallecidos y a 36,976 el de contagiados a causa del coronavirus (Covid-19) en el Per\u00fa, donde ya se han tamizado a 318,252 personas, inform\u00f3 el Ministerio de Salud (Minsa).<\/span><\/p>\n<p><span style=\"color: #000000;\">Ayer, el presidente de la Rep\u00fablica, Mart\u00edn Vizcarra, dijo que los fallecidos por coronavirus en todo pa\u00eds sumaban 943 y que los casos de contagios llegaron a 33,931.<\/span><\/p>\n<p><span style=\"color: #000000;\">El Minsa detall\u00f3 que, al 30 de abril de 2020, se han procesado muestras para 318,252 personas por Covid-19, obteni\u00e9ndose 36, 976 resultados positivos y 281,276 negativos.<\/span><\/p>\n<p><span style=\"color: #000000;\">Del total de personas muestreadas, 58,118 corresponden a pruebas moleculares y 260,134 a pruebas r\u00e1pidas (serol\u00f3gicas).<\/span><\/p>\n<p><span style=\"color: #000000;\">A la fecha, se tienen 4,978 pacientes hospitalizados con Covid-19, de los cuales, 651 se encuentran en UCI con ventilaci\u00f3n mec\u00e1nica.<\/span><\/p>\n<p><span style=\"color: #000000;\">Del total de casos positivos, a la fecha 10,405 personas cumplieron su per\u00edodo de aislamiento domiciliario o fueron dados de alta de un establecimiento de salud.<\/span><\/p>\n<p><span style=\"color: #000000;\">Lima sigue siendo la regi\u00f3n con el mayor n\u00famero de infectados por Covid-19 a la fecha con 23,561 casos.<\/span><\/p>\n<p><span style=\"color: #000000;\">Las siguientes regiones tambi\u00e9n presentan pacientes con Covid-19: Callao (3219), Lambayeque (2176), Piura (1207), Loreto (1202), Ancash (693), Ucayali (671), La Libertad (668), Arequipa (571), Ica (550), Jun\u00edn (394), Tumbes (310), San Mart\u00edn (238), Cusco (212), Hu\u00e1nuco (189), Cajamarca (170), Amazonas (122), Moquegua (120), Madre de Dios (113), Pasco (113), Tacna (111), Puno (105), Ayacucho (95), Huancavelica (88) y Apur\u00edmac (78).<\/span><\/p>\n","protected":false},"excerpt":{"rendered":"<p>A 1,051 se elev\u00f3 el n\u00famero de fallecidos y a 36,976 el de contagiados a causa del coronavirus (Covid-19) en el Per\u00fa, donde ya se han tamizado a 318,252 personas. Lima, 30 Abril 2020, (ANDINA).- A 1,051 se elev\u00f3 el n\u00famero de fallecidos y a 36,976 el de contagiados a causa del coronavirus (Covid-19) en [&hellip;]<\/p>\n","protected":false},"author":1,"featured_media":67321,"comment_status":"open","ping_status":"open","sticky":false,"template":"","format":"standard","meta":{"rop_custom_images_group":[],"rop_custom_messages_group":[],"rop_publish_now":"initial","rop_publish_now_accounts":[],"rop_publish_now_history":[],"rop_publish_now_status":"pending","footnotes":""},"categories":[10],"tags":[5236,5364,388,431],"class_list":["post-70042","post","type-post","status-publish","format-standard","has-post-thumbnail","hentry","category-actualidad-municipal","tag-coronavirus","tag-covid-19","tag-ministerio-de-salud","tag-minsa"],"_links":{"self":[{"href":"https:\/\/elinformanteperu.com\/index.php\/wp-json\/wp\/v2\/posts\/70042","targetHints":{"allow":["GET"]}}],"collection":[{"href":"https:\/\/elinformanteperu.com\/index.php\/wp-json\/wp\/v2\/posts"}],"about":[{"href":"https:\/\/elinformanteperu.com\/index.php\/wp-json\/wp\/v2\/types\/post"}],"author":[{"embeddable":true,"href":"https:\/\/elinformanteperu.com\/index.php\/wp-json\/wp\/v2\/users\/1"}],"replies":[{"embeddable":true,"href":"https:\/\/elinformanteperu.com\/index.php\/wp-json\/wp\/v2\/comments?post=70042"}],"version-history":[{"count":1,"href":"https:\/\/elinformanteperu.com\/index.php\/wp-json\/wp\/v2\/posts\/70042\/revisions"}],"predecessor-version":[{"id":70043,"href":"https:\/\/elinformanteperu.com\/index.php\/wp-json\/wp\/v2\/posts\/70042\/revisions\/70043"}],"wp:featuredmedia":[{"embeddable":true,"href":"https:\/\/elinformanteperu.com\/index.php\/wp-json\/wp\/v2\/media\/67321"}],"wp:attachment":[{"href":"https:\/\/elinformanteperu.com\/index.php\/wp-json\/wp\/v2\/media?parent=70042"}],"wp:term":[{"taxonomy":"category","embeddable":true,"href":"https:\/\/elinformanteperu.com\/index.php\/wp-json\/wp\/v2\/categories?post=70042"},{"taxonomy":"post_tag","embeddable":true,"href":"https:\/\/elinformanteperu.com\/index.php\/wp-json\/wp\/v2\/tags?post=70042"}],"curies":[{"name":"wp","href":"https:\/\/api.w.org\/{rel}","templated":true}]}}