{"id":69160,"date":"2020-04-20T21:09:23","date_gmt":"2020-04-21T02:09:23","guid":{"rendered":"http:\/\/elinformanteperu.com\/?p=69160"},"modified":"2020-04-20T21:09:23","modified_gmt":"2020-04-21T02:09:23","slug":"ministro-zamora-el-27-de-abril-ingresaremos-a-una-cuarentena-distinta-y-gradual","status":"publish","type":"post","link":"https:\/\/elinformanteperu.com\/index.php\/2020\/04\/20\/ministro-zamora-el-27-de-abril-ingresaremos-a-una-cuarentena-distinta-y-gradual\/","title":{"rendered":"Ministro Zamora: \u201cEl 27 de abril ingresaremos a una cuarentena distinta y gradual\u201d"},"content":{"rendered":"<p><strong><span style=\"color: #000000;\">El lunes 27 de abril el Per\u00fa ingresar\u00e1 a una cuarentena distinta y gradual, asegur\u00f3 el ministro de Salud, V\u00edctor Zamora.<\/span><\/strong><\/p>\n<p><span style=\"color: #000000;\"><strong>Lima, 20 Abril 2020, (ANDINA).-<\/strong> El lunes 27 de abril el Per\u00fa ingresar\u00e1 a una cuarentena distinta y gradual, asegur\u00f3 hoy el ministro de Salud, V\u00edctor Zamora, al cumplir un mes en el cargo, en la sexta semana del estado de emergencia nacional declarada por el gobierno para frenar el avance del coronavirus.<\/span><\/p>\n<p><span style=\"color: #000000;\">En el reinicio de las actividades (en los sectores esenciales) habr\u00e1 reglas de oro, \u201ccomo mantener la distancia social\u201d, explic\u00f3 Zamora. \u201cSe tendr\u00e1 que implementar esta \u2018nueva cuarentena\u2019 de manera progresiva, con cuidado. Y las industrias que empiecen a trabajar deben tener protocolos establecidos para evitar que el virus se propague\u201d.<\/span><\/p>\n<p><span style=\"color: #000000;\">En entrevista radial, el ministro refiri\u00f3 que el mayor de los cambios que ha experimentado su sector en medio de la emergencia sanitaria es el enfoque de c\u00f3mo se trata a las personas con covid-19. \u201cHoy se habla ya del uso de antinflamatorios, algo que al inicio de la enfermedad se ped\u00eda no utilizar\u201d.<\/span><\/p>\n<p><span style=\"color: #000000;\">Tambi\u00e9n se ha comprado 10 millones de mascarillas reutilizables que ser\u00e1n entregadas a la poblaci\u00f3n m\u00e1s vulnerable frente al coronavirus; se mejor\u00f3 la L\u00ednea 113, lo que permite el ingreso de 80,000 llamadas \u2013de personas que buscan orientaci\u00f3n o atenci\u00f3n por coronavirus\u2013 y ahora estamos trabajando para aumentar la capacidad de respuesta r\u00e1pida que reforzar\u00e1 a esta central telef\u00f3nica, detall\u00f3 el funcionario.<\/span><\/p>\n<p><span style=\"color: #000000;\">Adem\u00e1s, se implementa un sistema para que todos los profesionales que salieron de los servicios m\u00e9dicos por edad o comorbilidad \u201cpuedan hacer el seguimiento telef\u00f3nico de cada paciente que llama al 113\u201d.<\/span><\/p>\n<p><span style=\"color: #000000;\">El sector Salud, asimismo, ha identificado el comportamiento de los pacientes con covid-19 desde que se contagian hasta que llegan a una cama UCI.<\/span><\/p>\n<p><span style=\"color: #000000;\">En cada uno de esos aspectos, el Ministerio de Salud (Minsa) ha logrado avances sustantivos. \u201cTenemos nuevos retos, pero hemos avanzado\u201d, remarc\u00f3.<\/span><\/p>\n<p><strong><span style=\"color: #000000;\">Hospital y laboratorios<\/span><\/strong><\/p>\n<p><span style=\"color: #000000;\">Sobre los cuestionamientos al Hospital de Emergencias de Ate, dijo que montar un hospital en tan poco tiempo es una tarea no exenta de riesgos, demoras y problemas con los recursos humanos y los equipos.<\/span><\/p>\n<p><span style=\"color: #000000;\">Precisamente, en el proceso de montaje de los respiradores mec\u00e1nicos el Minsa identific\u00f3 que se trataba de una reventa, pues los equipos ya hab\u00edan sido pagados por el hospital de Tacna. Aclar\u00f3 que ese proceso est\u00e1 en investigaci\u00f3n.<\/span><\/p>\n<p><span style=\"color: #000000;\">En otro momento, Zamora destac\u00f3 que, en la actualidad, once laboratorios est\u00e1n trabajando para el descarte del nuevo coronavirus a escala nacional. \u00abEste mes tambi\u00e9n se adquiri\u00f3 equipos de protecci\u00f3n personal (EPP) por un valor de 41 millones y, adem\u00e1s, se ha hecho una compra equivalente por 61 millones m\u00e1s para el futuro\u201d, refiri\u00f3.<\/span><\/p>\n<p><strong><span style=\"color: #000000;\">Caso Ush\u00f1ahua<\/span><\/strong><\/p>\n<p><span style=\"color: #000000;\">De otro lado, el ministro inform\u00f3 que recibi\u00f3 el informe respecto a la atenci\u00f3n que recibi\u00f3 el excongresista Glider Ush\u00f1ahua, quien falleci\u00f3 el jueves 16 de abril a causa de una neumon\u00eda at\u00edpica por el coronavirus.<\/span><\/p>\n<p><span style=\"color: #000000;\">Este reporte preliminar pone en evidencia problemas en la organizaci\u00f3n de los servicios en la regi\u00f3n Ucayali, donde no se aplicaron de manera adecuada algunos protocolos sanitarios.<\/span><\/p>\n<p><span style=\"color: #000000;\">En tal sentido, mencion\u00f3 que el Minsa ya instal\u00f3 21 Comandos Regionales Covid-19 en todo el pa\u00eds, que han logrado revertir la situaci\u00f3n de desorganizaci\u00f3n en los servicios de salud en las regiones.<\/span><\/p>\n","protected":false},"excerpt":{"rendered":"<p>El lunes 27 de abril el Per\u00fa ingresar\u00e1 a una cuarentena distinta y gradual, asegur\u00f3 el ministro de Salud, V\u00edctor Zamora. Lima, 20 Abril 2020, (ANDINA).- El lunes 27 de abril el Per\u00fa ingresar\u00e1 a una cuarentena distinta y gradual, asegur\u00f3 hoy el ministro de Salud, V\u00edctor Zamora, al cumplir un mes en el cargo, [&hellip;]<\/p>\n","protected":false},"author":1,"featured_media":69161,"comment_status":"open","ping_status":"open","sticky":false,"template":"","format":"standard","meta":{"rop_custom_images_group":[],"rop_custom_messages_group":[],"rop_publish_now":"initial","rop_publish_now_accounts":[],"rop_publish_now_history":[],"rop_publish_now_status":"pending","footnotes":""},"categories":[5],"tags":[5236,5364,388,431,5388],"class_list":["post-69160","post","type-post","status-publish","format-standard","has-post-thumbnail","hentry","category-actualidad-informativa","tag-coronavirus","tag-covid-19","tag-ministerio-de-salud","tag-minsa","tag-victor-zamora"],"_links":{"self":[{"href":"https:\/\/elinformanteperu.com\/index.php\/wp-json\/wp\/v2\/posts\/69160","targetHints":{"allow":["GET"]}}],"collection":[{"href":"https:\/\/elinformanteperu.com\/index.php\/wp-json\/wp\/v2\/posts"}],"about":[{"href":"https:\/\/elinformanteperu.com\/index.php\/wp-json\/wp\/v2\/types\/post"}],"author":[{"embeddable":true,"href":"https:\/\/elinformanteperu.com\/index.php\/wp-json\/wp\/v2\/users\/1"}],"replies":[{"embeddable":true,"href":"https:\/\/elinformanteperu.com\/index.php\/wp-json\/wp\/v2\/comments?post=69160"}],"version-history":[{"count":1,"href":"https:\/\/elinformanteperu.com\/index.php\/wp-json\/wp\/v2\/posts\/69160\/revisions"}],"predecessor-version":[{"id":69162,"href":"https:\/\/elinformanteperu.com\/index.php\/wp-json\/wp\/v2\/posts\/69160\/revisions\/69162"}],"wp:featuredmedia":[{"embeddable":true,"href":"https:\/\/elinformanteperu.com\/index.php\/wp-json\/wp\/v2\/media\/69161"}],"wp:attachment":[{"href":"https:\/\/elinformanteperu.com\/index.php\/wp-json\/wp\/v2\/media?parent=69160"}],"wp:term":[{"taxonomy":"category","embeddable":true,"href":"https:\/\/elinformanteperu.com\/index.php\/wp-json\/wp\/v2\/categories?post=69160"},{"taxonomy":"post_tag","embeddable":true,"href":"https:\/\/elinformanteperu.com\/index.php\/wp-json\/wp\/v2\/tags?post=69160"}],"curies":[{"name":"wp","href":"https:\/\/api.w.org\/{rel}","templated":true}]}}