{"id":69151,"date":"2020-04-20T21:01:21","date_gmt":"2020-04-21T02:01:21","guid":{"rendered":"http:\/\/elinformanteperu.com\/?p=69151"},"modified":"2020-04-20T21:01:21","modified_gmt":"2020-04-21T02:01:21","slug":"coronavirus-conoce-las-medidas-del-gobierno-en-el-dia-36-del-estado-de-emergencia","status":"publish","type":"post","link":"https:\/\/elinformanteperu.com\/index.php\/2020\/04\/20\/coronavirus-conoce-las-medidas-del-gobierno-en-el-dia-36-del-estado-de-emergencia\/","title":{"rendered":"Coronavirus: Conoce las medidas del Gobierno en el d\u00eda 36 del estado de emergencia"},"content":{"rendered":"<p><strong><span style=\"color: #000000;\">El presidente, Mart\u00edn Vizcarra, inform\u00f3 al pa\u00eds sobre la situaci\u00f3n de los contagios por coronavirus y dio a conocer las nuevas medidas adoptadas.<\/span><\/strong><\/p>\n<p><span style=\"color: #000000;\"><strong>Lima, 20 Abril 2020, (ANDINA).-<\/strong> El presidente de la Rep\u00fablica, Mart\u00edn Vizcarra, inform\u00f3 al pa\u00eds sobre la situaci\u00f3n de los contagios por coronavirus y dio a conocer las nuevas medidas adoptadas en marco de la emergencia nacional que hoy cumple los 36 d\u00edas.<\/span><\/p>\n<p><span style=\"color: #000000;\">Estos son los alcances dados por el mandatario.<\/span><\/p>\n<p><span style=\"color: #000000;\">&#8211; Ascendieron a 16,325 casos positivos de coronavirus. Se procesaron 148,011 muestras, de las cuales 41,356 fueron pruebas moleculares y 106,655 pruebas r\u00e1pidas. Hasta la fecha, 1,682 pacientes se encuentran hospitalizados.<\/span><\/p>\n<p><span style=\"color: #000000;\">&#8211; De las 525 camas de cuidados intensivos (UCI) en el pa\u00eds, 385 ya han sido ocupadas y solo est\u00e1n disponibles 140 camas UCI para nuevos pacientes graves con coronavirus. En Lima, se dispone de 61 camas UCI y est\u00e1n ocupadas 318.<\/span><\/p>\n<p><span style=\"color: #000000;\">&#8211; Los colegios privados deben hacer un ajuste en las pensiones que cobran a los padres de familia dado que las clases ya no son presenciales sino virtuales. El mandatario, se\u00f1al\u00f3 que la educaci\u00f3n privada tiene que hacer un nuevo planteamiento de lo que priorizar\u00e1 en la ense\u00f1anza para el resto del a\u00f1o.<\/span><\/p>\n<p><span style=\"color: #000000;\">&#8211; M\u00e1s de 3 millones de escolares se beneficiar\u00e1n con la entrega de alimentos del programa Qali Warma. Hoy se inici\u00f3 la distribuci\u00f3n de lo que ser\u00e1 un total de 17,000 toneladas de alimentos envasados que ya se encontraban almacenados en 58,941 instituciones educativas p\u00fablicas de todo el pa\u00eds.<\/span><\/p>\n<p><span style=\"color: #000000;\">&#8211; El Bono Rural de S\/ 760 ser\u00e1 entregado en efectivo en las zonas m\u00e1s inaccesibles del pa\u00eds. A los sitios alejados geogr\u00e1ficamente llegar\u00e1 un transporte de valores. Ser\u00e1n beneficiadas 1&#8217;098,000 familias.<\/span><\/p>\n<p><span style=\"color: #000000;\">&#8211; Para acoger a los ciudadanos que desean retornar a sus lugares de origen, hoy se firm\u00f3 un decreto de urgencia que asigna recursos a los gobiernos regionales. El traslado humanitario tiene que ser gradual y empezando por las personas m\u00e1s vulnerables.<\/span><\/p>\n<p><span style=\"color: #000000;\">&#8211; Los actos de corrupci\u00f3n detectados durante la emergencia por el coronavirus tendr\u00e1n un castigo ejemplar, ratific\u00f3 el jefe de Estado. Mencion\u00f3 que muchos sujetos de investigaci\u00f3n residen en los tres niveles de gobierno y en algunos ministerios. Dijo que la Contralor\u00eda cuenta ya con S\/ 30 millones para el control concurrente sobre todas las acciones efectuadas en el marco de la emergencia.<\/span><\/p>\n<p><span style=\"color: #000000;\">&#8211; La ministra de Econom\u00eda y Finanzas, Mar\u00eda Antonieta Alva, anunci\u00f3 que el Gobierno mejorar\u00e1 el dise\u00f1o del Fondo de Apoyo Empresarial (FAE) que a la fecha ya atendi\u00f3 a 22,000 micro y peque\u00f1as empresas (mypes) por S\/ 188 millones y hay una demanda adicional de 71,000 mypes por S\/ 813 millones.<\/span><\/p>\n<p><span style=\"color: #000000;\">&#8211; La ministra de Trabajo y Promoci\u00f3n del Empleo, Sylvia C\u00e1ceres, inform\u00f3 que cerca de 5,200 empresas solicitaron acogerse a la suspensi\u00f3n perfecta, de las cuales m\u00e1s de 3,200 declararon ser mypes. \u00abNo permitiremos ning\u00fan abuso en el uso de esta modalidad\u00bb, puntualiz\u00f3.<\/span><\/p>\n<p><span style=\"color: #000000;\">Tambi\u00e9n participaron en la conferencia el presidente del Consejo de Ministros, Vicente Zeballos; la ministra de Econom\u00eda y Finanzas, Mar\u00eda Antonieta Alva; el ministro de Salud, V\u00edctor Zamora y la ministra de Trabajo y Promoci\u00f3n del Empleo, Sylvia C\u00e1ceres.<\/span><\/p>\n","protected":false},"excerpt":{"rendered":"<p>El presidente, Mart\u00edn Vizcarra, inform\u00f3 al pa\u00eds sobre la situaci\u00f3n de los contagios por coronavirus y dio a conocer las nuevas medidas adoptadas. Lima, 20 Abril 2020, (ANDINA).- El presidente de la Rep\u00fablica, Mart\u00edn Vizcarra, inform\u00f3 al pa\u00eds sobre la situaci\u00f3n de los contagios por coronavirus y dio a conocer las nuevas medidas adoptadas en [&hellip;]<\/p>\n","protected":false},"author":1,"featured_media":69152,"comment_status":"open","ping_status":"open","sticky":false,"template":"","format":"standard","meta":{"rop_custom_images_group":[],"rop_custom_messages_group":[],"rop_publish_now":"initial","rop_publish_now_accounts":[],"rop_publish_now_history":[],"rop_publish_now_status":"pending","footnotes":""},"categories":[5],"tags":[5236,5364,289,5374],"class_list":["post-69151","post","type-post","status-publish","format-standard","has-post-thumbnail","hentry","category-actualidad-informativa","tag-coronavirus","tag-covid-19","tag-martin-vizcarra","tag-peru-estado-de-emergencia"],"_links":{"self":[{"href":"https:\/\/elinformanteperu.com\/index.php\/wp-json\/wp\/v2\/posts\/69151","targetHints":{"allow":["GET"]}}],"collection":[{"href":"https:\/\/elinformanteperu.com\/index.php\/wp-json\/wp\/v2\/posts"}],"about":[{"href":"https:\/\/elinformanteperu.com\/index.php\/wp-json\/wp\/v2\/types\/post"}],"author":[{"embeddable":true,"href":"https:\/\/elinformanteperu.com\/index.php\/wp-json\/wp\/v2\/users\/1"}],"replies":[{"embeddable":true,"href":"https:\/\/elinformanteperu.com\/index.php\/wp-json\/wp\/v2\/comments?post=69151"}],"version-history":[{"count":1,"href":"https:\/\/elinformanteperu.com\/index.php\/wp-json\/wp\/v2\/posts\/69151\/revisions"}],"predecessor-version":[{"id":69153,"href":"https:\/\/elinformanteperu.com\/index.php\/wp-json\/wp\/v2\/posts\/69151\/revisions\/69153"}],"wp:featuredmedia":[{"embeddable":true,"href":"https:\/\/elinformanteperu.com\/index.php\/wp-json\/wp\/v2\/media\/69152"}],"wp:attachment":[{"href":"https:\/\/elinformanteperu.com\/index.php\/wp-json\/wp\/v2\/media?parent=69151"}],"wp:term":[{"taxonomy":"category","embeddable":true,"href":"https:\/\/elinformanteperu.com\/index.php\/wp-json\/wp\/v2\/categories?post=69151"},{"taxonomy":"post_tag","embeddable":true,"href":"https:\/\/elinformanteperu.com\/index.php\/wp-json\/wp\/v2\/tags?post=69151"}],"curies":[{"name":"wp","href":"https:\/\/api.w.org\/{rel}","templated":true}]}}