{"id":68963,"date":"2020-04-17T23:35:57","date_gmt":"2020-04-18T04:35:57","guid":{"rendered":"http:\/\/elinformanteperu.com\/?p=68963"},"modified":"2020-04-17T23:35:57","modified_gmt":"2020-04-18T04:35:57","slug":"jaime-yoshiyama-reprograman-para-22-de-abril-audiencia-de-variacion-de-prision-preventiva","status":"publish","type":"post","link":"https:\/\/elinformanteperu.com\/index.php\/2020\/04\/17\/jaime-yoshiyama-reprograman-para-22-de-abril-audiencia-de-variacion-de-prision-preventiva\/","title":{"rendered":"Jaime Yoshiyama: reprograman para 22 de abril audiencia de variaci\u00f3n de prisi\u00f3n preventiva"},"content":{"rendered":"<p><strong><span style=\"color: #000000;\">El Poder Judicial reprogram\u00f3 para el mi\u00e9rcoles 22 de abril la audiencia en la cual se ver\u00e1 el pedido de la defensa del ex secretario general de Fuerza Popular, Jaime Yoshiyama.<\/span><\/strong><\/p>\n<p><span style=\"color: #000000;\"><strong>Lima, 17 Abril 2020, (ANDINA).-<\/strong> El Poder Judicial reprogram\u00f3 para el mi\u00e9rcoles 22 de abril la audiencia en la cual se ver\u00e1 el pedido de la defensa del ex secretario general de Fuerza Popular, Jaime Yoshiyama, para variar su prisi\u00f3n preventiva por detenci\u00f3n domiciliaria en prevenci\u00f3n del covid-19.<\/span><\/p>\n<p><span style=\"color: #000000;\">En la audiencia llevada a cabo hoy por el juez Santos Benites Burgos se determin\u00f3 que la solicitud sea vista en dicha fecha a partir de las 13.00 horas.<\/span><\/p>\n<p><span style=\"color: #000000;\">Durante la sesi\u00f3n, el magistrado desestim\u00f3 la recusaci\u00f3n y el pedido de nulidad de la audiencia solicitado por el fiscal Jos\u00e9 Domingo P\u00e9rez.<\/span><\/p>\n<p><span style=\"color: #000000;\">El magistrado del Equipo Lava Jato decidi\u00f3 no acreditarse y se retir\u00f3 de la sala antes de la instalaci\u00f3n de la diligencia, actitud cuestionada por el juez, quien refiri\u00f3 que esto ocurri\u00f3 \u00absin justificaci\u00f3n alguna\u00bb.<\/span><\/p>\n<p><span style=\"color: #000000;\">Por ello, Benites dispuso informar este hecho ante la Oficina de Control Interno del Ministerio P\u00fablico y a la Fiscal\u00eda de la Naci\u00f3n.<\/span><\/p>\n<p><span style=\"color: #000000;\">Yoshiyama Tanaka estuvo conectado por videoconferencia desde el penal Miguel Castro Castro; su abogado, Humberto Abanto, particip\u00f3 en la audiencia.<\/span><\/p>\n<p><span style=\"color: #000000;\">El ex secretario general de Fuerza Popular cumple prisi\u00f3n preventiva en el marco de la investigaci\u00f3n que se le sigue por el presunto delito de lavado de activos de los aportes de Odebrecht a la campa\u00f1a de Keiko Fujimori en 2011.<\/span><\/p>\n<p><span style=\"color: #000000;\">A Yoshiyama se le atribuye pertenecer a la c\u00fapula de la presunta organizaci\u00f3n criminal que se form\u00f3 al interior de Fuerza Popular, y de haber recibido dinero de Odebrecht para la referida campa\u00f1a.<\/span><\/p>\n","protected":false},"excerpt":{"rendered":"<p>El Poder Judicial reprogram\u00f3 para el mi\u00e9rcoles 22 de abril la audiencia en la cual se ver\u00e1 el pedido de la defensa del ex secretario general de Fuerza Popular, Jaime Yoshiyama. Lima, 17 Abril 2020, (ANDINA).- El Poder Judicial reprogram\u00f3 para el mi\u00e9rcoles 22 de abril la audiencia en la cual se ver\u00e1 el pedido [&hellip;]<\/p>\n","protected":false},"author":1,"featured_media":53124,"comment_status":"open","ping_status":"open","sticky":false,"template":"","format":"standard","meta":{"rop_custom_images_group":[],"rop_custom_messages_group":[],"rop_publish_now":"initial","rop_publish_now_accounts":[],"rop_publish_now_history":[],"rop_publish_now_status":"pending","footnotes":""},"categories":[5],"tags":[2869,163],"class_list":["post-68963","post","type-post","status-publish","format-standard","has-post-thumbnail","hentry","category-actualidad-informativa","tag-jaime-yoshiyama","tag-poder-judicial"],"_links":{"self":[{"href":"https:\/\/elinformanteperu.com\/index.php\/wp-json\/wp\/v2\/posts\/68963","targetHints":{"allow":["GET"]}}],"collection":[{"href":"https:\/\/elinformanteperu.com\/index.php\/wp-json\/wp\/v2\/posts"}],"about":[{"href":"https:\/\/elinformanteperu.com\/index.php\/wp-json\/wp\/v2\/types\/post"}],"author":[{"embeddable":true,"href":"https:\/\/elinformanteperu.com\/index.php\/wp-json\/wp\/v2\/users\/1"}],"replies":[{"embeddable":true,"href":"https:\/\/elinformanteperu.com\/index.php\/wp-json\/wp\/v2\/comments?post=68963"}],"version-history":[{"count":1,"href":"https:\/\/elinformanteperu.com\/index.php\/wp-json\/wp\/v2\/posts\/68963\/revisions"}],"predecessor-version":[{"id":68964,"href":"https:\/\/elinformanteperu.com\/index.php\/wp-json\/wp\/v2\/posts\/68963\/revisions\/68964"}],"wp:featuredmedia":[{"embeddable":true,"href":"https:\/\/elinformanteperu.com\/index.php\/wp-json\/wp\/v2\/media\/53124"}],"wp:attachment":[{"href":"https:\/\/elinformanteperu.com\/index.php\/wp-json\/wp\/v2\/media?parent=68963"}],"wp:term":[{"taxonomy":"category","embeddable":true,"href":"https:\/\/elinformanteperu.com\/index.php\/wp-json\/wp\/v2\/categories?post=68963"},{"taxonomy":"post_tag","embeddable":true,"href":"https:\/\/elinformanteperu.com\/index.php\/wp-json\/wp\/v2\/tags?post=68963"}],"curies":[{"name":"wp","href":"https:\/\/api.w.org\/{rel}","templated":true}]}}