{"id":68957,"date":"2020-04-17T23:30:33","date_gmt":"2020-04-18T04:30:33","guid":{"rendered":"http:\/\/elinformanteperu.com\/?p=68957"},"modified":"2020-04-17T23:30:33","modified_gmt":"2020-04-18T04:30:33","slug":"leonardo-inga-presidira-comision-especial-covid-19-del-congreso","status":"publish","type":"post","link":"https:\/\/elinformanteperu.com\/index.php\/2020\/04\/17\/leonardo-inga-presidira-comision-especial-covid-19-del-congreso\/","title":{"rendered":"Leonardo Inga presidir\u00e1 comisi\u00f3n especial covid-19 del Congreso"},"content":{"rendered":"<p><strong><span style=\"color: #000000;\">El congresista Leonardo Inga, de Acci\u00f3n Popular, fue elegido presidente de la Comisi\u00f3n especial de seguimiento a emergencias de desastres covid-19.<\/span><\/strong><\/p>\n<p><span style=\"color: #000000;\"><strong>Lima, 17 Abril 2020, (ANDINA).-<\/strong> El congresista Leonardo Inga, de Acci\u00f3n Popular, fue elegido presidente de la Comisi\u00f3n especial de seguimiento a emergencias y gesti\u00f3n de riesgo de desastres covid-19.<\/span><\/p>\n<p><span style=\"color: #000000;\">La decisi\u00f3n fue adoptada por unanimidad, durante la sesi\u00f3n virtual llevada a cabo por dicho grupo de trabajo.<\/span><\/p>\n<p><span style=\"color: #000000;\">La directiva de la referida comisi\u00f3n la integrar\u00e1n los congresistas Luis Castillo (Podemos Per\u00fa), como vicepresidente, y Erwin Tito (Fuerza Popular), como secretario.<\/span><\/p>\n<p><span style=\"color: #000000;\">Se trata de la primera sesi\u00f3n virtual que realiza el Parlamento con el fin de continuar con sus labores legislativas.<\/span><\/p>\n<p><img fetchpriority=\"high\" decoding=\"async\" class=\"aligncenter size-full wp-image-68099\" src=\"http:\/\/elinformanteperu.com\/wp-content\/uploads\/2020\/04\/congreso-2020-vacio.jpg\" alt=\"\" width=\"1800\" height=\"1200\" srcset=\"https:\/\/elinformanteperu.com\/wp-content\/uploads\/2020\/04\/congreso-2020-vacio.jpg 1800w, https:\/\/elinformanteperu.com\/wp-content\/uploads\/2020\/04\/congreso-2020-vacio-300x200.jpg 300w, https:\/\/elinformanteperu.com\/wp-content\/uploads\/2020\/04\/congreso-2020-vacio-1024x683.jpg 1024w, https:\/\/elinformanteperu.com\/wp-content\/uploads\/2020\/04\/congreso-2020-vacio-768x512.jpg 768w, https:\/\/elinformanteperu.com\/wp-content\/uploads\/2020\/04\/congreso-2020-vacio-1536x1024.jpg 1536w, https:\/\/elinformanteperu.com\/wp-content\/uploads\/2020\/04\/congreso-2020-vacio-128x85.jpg 128w, https:\/\/elinformanteperu.com\/wp-content\/uploads\/2020\/04\/congreso-2020-vacio-32x21.jpg 32w\" sizes=\"(max-width: 1800px) 100vw, 1800px\" \/><\/p>\n","protected":false},"excerpt":{"rendered":"<p>El congresista Leonardo Inga, de Acci\u00f3n Popular, fue elegido presidente de la Comisi\u00f3n especial de seguimiento a emergencias de desastres covid-19. Lima, 17 Abril 2020, (ANDINA).- El congresista Leonardo Inga, de Acci\u00f3n Popular, fue elegido presidente de la Comisi\u00f3n especial de seguimiento a emergencias y gesti\u00f3n de riesgo de desastres covid-19. La decisi\u00f3n fue adoptada [&hellip;]<\/p>\n","protected":false},"author":1,"featured_media":68958,"comment_status":"open","ping_status":"open","sticky":false,"template":"","format":"standard","meta":{"rop_custom_images_group":[],"rop_custom_messages_group":[],"rop_publish_now":"initial","rop_publish_now_accounts":[],"rop_publish_now_history":[],"rop_publish_now_status":"pending","footnotes":""},"categories":[5],"tags":[326,192,5236,5364,5485],"class_list":["post-68957","post","type-post","status-publish","format-standard","has-post-thumbnail","hentry","category-actualidad-informativa","tag-accion-popular","tag-congreso","tag-coronavirus","tag-covid-19","tag-leonardo-inga"],"_links":{"self":[{"href":"https:\/\/elinformanteperu.com\/index.php\/wp-json\/wp\/v2\/posts\/68957","targetHints":{"allow":["GET"]}}],"collection":[{"href":"https:\/\/elinformanteperu.com\/index.php\/wp-json\/wp\/v2\/posts"}],"about":[{"href":"https:\/\/elinformanteperu.com\/index.php\/wp-json\/wp\/v2\/types\/post"}],"author":[{"embeddable":true,"href":"https:\/\/elinformanteperu.com\/index.php\/wp-json\/wp\/v2\/users\/1"}],"replies":[{"embeddable":true,"href":"https:\/\/elinformanteperu.com\/index.php\/wp-json\/wp\/v2\/comments?post=68957"}],"version-history":[{"count":1,"href":"https:\/\/elinformanteperu.com\/index.php\/wp-json\/wp\/v2\/posts\/68957\/revisions"}],"predecessor-version":[{"id":68959,"href":"https:\/\/elinformanteperu.com\/index.php\/wp-json\/wp\/v2\/posts\/68957\/revisions\/68959"}],"wp:featuredmedia":[{"embeddable":true,"href":"https:\/\/elinformanteperu.com\/index.php\/wp-json\/wp\/v2\/media\/68958"}],"wp:attachment":[{"href":"https:\/\/elinformanteperu.com\/index.php\/wp-json\/wp\/v2\/media?parent=68957"}],"wp:term":[{"taxonomy":"category","embeddable":true,"href":"https:\/\/elinformanteperu.com\/index.php\/wp-json\/wp\/v2\/categories?post=68957"},{"taxonomy":"post_tag","embeddable":true,"href":"https:\/\/elinformanteperu.com\/index.php\/wp-json\/wp\/v2\/tags?post=68957"}],"curies":[{"name":"wp","href":"https:\/\/api.w.org\/{rel}","templated":true}]}}