{"id":68955,"date":"2020-04-17T23:27:47","date_gmt":"2020-04-18T04:27:47","guid":{"rendered":"http:\/\/elinformanteperu.com\/?p=68955"},"modified":"2020-04-17T23:27:47","modified_gmt":"2020-04-18T04:27:47","slug":"coronavirus-susana-villaran-solicito-cese-de-prision-preventiva-en-su-contra","status":"publish","type":"post","link":"https:\/\/elinformanteperu.com\/index.php\/2020\/04\/17\/coronavirus-susana-villaran-solicito-cese-de-prision-preventiva-en-su-contra\/","title":{"rendered":"Coronavirus: Susana Villar\u00e1n solicit\u00f3 cese de prisi\u00f3n preventiva en su contra"},"content":{"rendered":"<p><strong><span style=\"color: #000000;\">La ex alcaldesa de Lima, Susana Villar\u00e1n, solicit\u00f3 el cese de la prisi\u00f3n preventiva de 24 meses dictada en su contra por correr el riesgo de contraer la enfermedad del coronavirus.<\/span><\/strong><\/p>\n<p><span style=\"color: #000000;\"><strong>Lima, 17 Abril 2020, (ANDINA).-<\/strong> La ex alcaldesa de Lima, Susana Villar\u00e1n, solicit\u00f3 el cese de la prisi\u00f3n preventiva de 24 meses dictada en su contra por correr el riesgo de contraer la enfermedad del coronavirus debido a que atraviesa constantes complicaciones de salud.<\/span><\/p>\n<p><span style=\"color: #000000;\">Seg\u00fan explic\u00f3 su abogado, Ra\u00fal Pariona, la exburgomaestre sufre de lupus, un mal que afecta a su sistema inmunol\u00f3gico y tambi\u00e9n padece hipertensi\u00f3n arterial, que son justamente condiciones cr\u00f3nicas reconocidas por la Organizaci\u00f3n Mundial de la Salud como enfermedades que generan mortandad as\u00ed como el coronavirus (covid-19).<\/span><\/p>\n<p><span style=\"color: #000000;\">Por ese motivo, la defensa de Villar\u00e1n present\u00f3 un requerimiento ante el Tercer Juzgado de Investigaci\u00f3n Preparatoria Anticorrupci\u00f3n, que dirige el magistrado Jorge Ch\u00e1vez Tamariz, para que se eval\u00fae el cambio de prisi\u00f3n preventiva por comparecencia con restricciones.<\/span><\/p>\n<p><span style=\"color: #000000;\">Desde mayo del 2019, Villar\u00e1n se encuentra recluida en el penal Anexo de Mujeres de Chorrillos cumpliendo prisi\u00f3n preventiva y es procesada por los delitos de lavado de activos, asociaci\u00f3n il\u00edcita, y otros hechos en los que habr\u00eda recibido coimas tanto de las constructoras brasile\u00f1as OAS y Odebrecht por m\u00e1s de US$10 millones.<\/span><\/p>\n<p><span style=\"color: #000000;\">En el documento presentado ante el Poder Judicial, la defensa de Villar\u00e1n se\u00f1al\u00f3 que, a la fecha, la exalcaldesa \u201cha cumplido ya m\u00e1s de diez meses de privaci\u00f3n de libertad, tiempo transcurrido en el que han variado las razones que sustentaron la prisi\u00f3n preventiva en su momento\u201d.<\/span><\/p>\n<p><span style=\"color: #000000;\">Respecto al peligro procesal, Pariona indic\u00f3 que se han fijado nuevos est\u00e1ndares de interpretaci\u00f3n y aplicaci\u00f3n de las normas legales que regulan las bases de la prisi\u00f3n preventiva, lo cual ha convertido a la medida que cumple Susana Villar\u00e1n en \u201cinsuficiente e innecesaria\u201d.<\/span><\/p>\n<p><span style=\"color: #000000;\">Seg\u00fan la tesis fiscal, Susana Villar\u00e1n habr\u00eda recibido US$3 millones para la campa\u00f1a del \u2018No a la revocatoria\u2019 por parte de Odebrecht. La empresa OAS tambi\u00e9n habr\u00eda aportado otros US$ 3 millones.<\/span><\/p>\n<p><span style=\"color: #000000;\">Adem\u00e1s, OAS le habr\u00eda entregado a la exalcaldesa otros US$4 millones para su campa\u00f1a de reelecci\u00f3n en el 2014. El intermediario en todas estas operaciones, seg\u00fan el Ministerio P\u00fablico, habr\u00eda sido Jos\u00e9 Miguel Castro.<\/span><\/p>\n","protected":false},"excerpt":{"rendered":"<p>La ex alcaldesa de Lima, Susana Villar\u00e1n, solicit\u00f3 el cese de la prisi\u00f3n preventiva de 24 meses dictada en su contra por correr el riesgo de contraer la enfermedad del coronavirus. Lima, 17 Abril 2020, (ANDINA).- La ex alcaldesa de Lima, Susana Villar\u00e1n, solicit\u00f3 el cese de la prisi\u00f3n preventiva de 24 meses dictada en [&hellip;]<\/p>\n","protected":false},"author":1,"featured_media":50169,"comment_status":"open","ping_status":"open","sticky":false,"template":"","format":"standard","meta":{"rop_custom_images_group":[],"rop_custom_messages_group":[],"rop_publish_now":"initial","rop_publish_now_accounts":[],"rop_publish_now_history":[],"rop_publish_now_status":"pending","footnotes":""},"categories":[5],"tags":[5236,5364,776],"class_list":["post-68955","post","type-post","status-publish","format-standard","has-post-thumbnail","hentry","category-actualidad-informativa","tag-coronavirus","tag-covid-19","tag-susana-villaran"],"_links":{"self":[{"href":"https:\/\/elinformanteperu.com\/index.php\/wp-json\/wp\/v2\/posts\/68955","targetHints":{"allow":["GET"]}}],"collection":[{"href":"https:\/\/elinformanteperu.com\/index.php\/wp-json\/wp\/v2\/posts"}],"about":[{"href":"https:\/\/elinformanteperu.com\/index.php\/wp-json\/wp\/v2\/types\/post"}],"author":[{"embeddable":true,"href":"https:\/\/elinformanteperu.com\/index.php\/wp-json\/wp\/v2\/users\/1"}],"replies":[{"embeddable":true,"href":"https:\/\/elinformanteperu.com\/index.php\/wp-json\/wp\/v2\/comments?post=68955"}],"version-history":[{"count":1,"href":"https:\/\/elinformanteperu.com\/index.php\/wp-json\/wp\/v2\/posts\/68955\/revisions"}],"predecessor-version":[{"id":68956,"href":"https:\/\/elinformanteperu.com\/index.php\/wp-json\/wp\/v2\/posts\/68955\/revisions\/68956"}],"wp:featuredmedia":[{"embeddable":true,"href":"https:\/\/elinformanteperu.com\/index.php\/wp-json\/wp\/v2\/media\/50169"}],"wp:attachment":[{"href":"https:\/\/elinformanteperu.com\/index.php\/wp-json\/wp\/v2\/media?parent=68955"}],"wp:term":[{"taxonomy":"category","embeddable":true,"href":"https:\/\/elinformanteperu.com\/index.php\/wp-json\/wp\/v2\/categories?post=68955"},{"taxonomy":"post_tag","embeddable":true,"href":"https:\/\/elinformanteperu.com\/index.php\/wp-json\/wp\/v2\/tags?post=68955"}],"curies":[{"name":"wp","href":"https:\/\/api.w.org\/{rel}","templated":true}]}}