{"id":68950,"date":"2020-04-17T23:22:54","date_gmt":"2020-04-18T04:22:54","guid":{"rendered":"http:\/\/elinformanteperu.com\/?p=68950"},"modified":"2020-04-17T23:22:54","modified_gmt":"2020-04-18T04:22:54","slug":"alan-garcia-hoy-se-cumple-un-ano-del-fallecimiento-del-expresidente","status":"publish","type":"post","link":"https:\/\/elinformanteperu.com\/index.php\/2020\/04\/17\/alan-garcia-hoy-se-cumple-un-ano-del-fallecimiento-del-expresidente\/","title":{"rendered":"Alan Garc\u00eda: hoy se cumple un a\u00f1o del fallecimiento del expresidente"},"content":{"rendered":"<p><strong><span style=\"color: #000000;\">Hoy se cumple un a\u00f1o de la muerte del expresidente de la Rep\u00fablica, Alan Garc\u00eda P\u00e9rez, quien se autoelimin\u00f3 con un disparo en la cabeza.<\/span><\/strong><\/p>\n<p><span style=\"color: #000000;\"><strong>Lima, 17 Abril 2020, (ANDINA).-<\/strong> Hoy se cumple un a\u00f1o de la muerte del expresidente de la Rep\u00fablica, Alan Garc\u00eda P\u00e9rez, quien se autoelimin\u00f3 con un disparo en la cabeza en su vivienda del distrito de Miraflores.<\/span><\/p>\n<p><span style=\"color: #000000;\">El hecho ocurri\u00f3 cuando el exmandatario iba a ser detenido por la polic\u00eda debido a una orden judicial, en el marco de las investigaciones por el caso de la empresa brasile\u00f1a Odebrecht.<\/span><\/p>\n<p><span style=\"color: #000000;\">Tras dispararse as\u00ed mismo, el exmandatario fue conducido al hospital Jos\u00e9 Casimiro Ulloa, adonde ingres\u00f3 a las 6.45 horas \u00abcon diagn\u00f3stico de impacto de proyectil por arma de fuego, con orificio de entrada y salida en el cr\u00e1neo\u00bb.<\/span><\/p>\n<p><span style=\"color: #000000;\">Garc\u00eda P\u00e9rez ingres\u00f3 a sala de operaciones a las 7:17 horas; su deceso se produjo a las 10.05 horas, de acuerdo con el comunicado del referido establecimiento de salud.<\/span><\/p>\n<p><span style=\"color: #000000;\">El documento precis\u00f3 que el exjefe del Estado falleci\u00f3 por \u00abuna hemorragia cerebral masiva por proyectil de arma de fuego y paro cardiorespiratorio\u00bb.<\/span><\/p>\n<p><span style=\"color: #000000;\">Tras conocerse la noticia, el Gobierno declar\u00f3 Duelo Nacional los d\u00edas 17, 18 y 19 de abril de 2019 mediante un decreto supremo que otorg\u00f3 a los funerales de Alan Garc\u00eda las honras f\u00fanebres que corresponden a un presidente de la Rep\u00fablica en ejercicio.<\/span><\/p>\n<p><span style=\"color: #000000;\">El Equipo Especial Lava Jato, del Ministerio P\u00fablico, asegur\u00f3 que durante la notificaci\u00f3n y ejecuci\u00f3n de la medida de detenci\u00f3n preliminar y allanamiento ordenada contra Garc\u00eda P\u00e9rez se respetaron los derechos fundamentales del expresidente, as\u00ed como el debido proceso.<\/span><\/p>\n<p><span style=\"color: #000000;\">\u201cSe sigui\u00f3 estrictamente el protocolo que para este tipo de diligencias se tiene establecido, respetando los derechos del se\u00f1or Garc\u00eda P\u00e9rez como investigado\u201d, indic\u00f3 en un comunicado.<\/span><\/p>\n<p><span style=\"color: #000000;\">Alan Garc\u00eda P\u00e9rez gobern\u00f3 dos veces el destino del pa\u00eds: en los periodos 1985-1990 y 2006-2011; el promedio de inflaci\u00f3n de su primer gobierno fue de 2,496.5% y el del segundo, 3.7%.<\/span><\/p>\n","protected":false},"excerpt":{"rendered":"<p>Hoy se cumple un a\u00f1o de la muerte del expresidente de la Rep\u00fablica, Alan Garc\u00eda P\u00e9rez, quien se autoelimin\u00f3 con un disparo en la cabeza. Lima, 17 Abril 2020, (ANDINA).- Hoy se cumple un a\u00f1o de la muerte del expresidente de la Rep\u00fablica, Alan Garc\u00eda P\u00e9rez, quien se autoelimin\u00f3 con un disparo en la cabeza [&hellip;]<\/p>\n","protected":false},"author":1,"featured_media":47240,"comment_status":"open","ping_status":"open","sticky":false,"template":"","format":"standard","meta":{"rop_custom_images_group":[],"rop_custom_messages_group":[],"rop_publish_now":"initial","rop_publish_now_accounts":[],"rop_publish_now_history":[],"rop_publish_now_status":"pending","footnotes":""},"categories":[5],"tags":[854],"class_list":["post-68950","post","type-post","status-publish","format-standard","has-post-thumbnail","hentry","category-actualidad-informativa","tag-alan-garcia"],"_links":{"self":[{"href":"https:\/\/elinformanteperu.com\/index.php\/wp-json\/wp\/v2\/posts\/68950","targetHints":{"allow":["GET"]}}],"collection":[{"href":"https:\/\/elinformanteperu.com\/index.php\/wp-json\/wp\/v2\/posts"}],"about":[{"href":"https:\/\/elinformanteperu.com\/index.php\/wp-json\/wp\/v2\/types\/post"}],"author":[{"embeddable":true,"href":"https:\/\/elinformanteperu.com\/index.php\/wp-json\/wp\/v2\/users\/1"}],"replies":[{"embeddable":true,"href":"https:\/\/elinformanteperu.com\/index.php\/wp-json\/wp\/v2\/comments?post=68950"}],"version-history":[{"count":1,"href":"https:\/\/elinformanteperu.com\/index.php\/wp-json\/wp\/v2\/posts\/68950\/revisions"}],"predecessor-version":[{"id":68951,"href":"https:\/\/elinformanteperu.com\/index.php\/wp-json\/wp\/v2\/posts\/68950\/revisions\/68951"}],"wp:featuredmedia":[{"embeddable":true,"href":"https:\/\/elinformanteperu.com\/index.php\/wp-json\/wp\/v2\/media\/47240"}],"wp:attachment":[{"href":"https:\/\/elinformanteperu.com\/index.php\/wp-json\/wp\/v2\/media?parent=68950"}],"wp:term":[{"taxonomy":"category","embeddable":true,"href":"https:\/\/elinformanteperu.com\/index.php\/wp-json\/wp\/v2\/categories?post=68950"},{"taxonomy":"post_tag","embeddable":true,"href":"https:\/\/elinformanteperu.com\/index.php\/wp-json\/wp\/v2\/tags?post=68950"}],"curies":[{"name":"wp","href":"https:\/\/api.w.org\/{rel}","templated":true}]}}