{"id":68916,"date":"2020-04-17T20:47:47","date_gmt":"2020-04-18T01:47:47","guid":{"rendered":"http:\/\/elinformanteperu.com\/?p=68916"},"modified":"2020-04-17T20:47:47","modified_gmt":"2020-04-18T01:47:47","slug":"mauricio-pellegrino-sera-tecnico-de-luis-abram-en-el-velez-sarsfield","status":"publish","type":"post","link":"https:\/\/elinformanteperu.com\/index.php\/2020\/04\/17\/mauricio-pellegrino-sera-tecnico-de-luis-abram-en-el-velez-sarsfield\/","title":{"rendered":"Mauricio Pellegrino ser\u00e1 t\u00e9cnico de Luis Abram en el Velez Sarsfield"},"content":{"rendered":"<p><strong><span style=\"color: #000000;\">Mauricio Pellegrino fue anunciado como nuevo entrenador del argentino V\u00e9lez Sarsfield como reemplazante de Gabriel Heinze.<\/span><\/strong><\/p>\n<p><span style=\"color: #000000;\"><strong>Lima, 17 Abril 2020, (ANDINA).-<\/strong> Mauricio Pellegrino fue anunciado como nuevo entrenador del argentino V\u00e9lez Sarsfield como reemplazante de Gabriel Heinze, se\u00f1al\u00f3 el club en sus redes sociales.<\/span><\/p>\n<p><span style=\"color: #000000;\">\u00ab\u00a1Mauricio Pellegrino vuelve a su casa! \u00a1Bienvenido Flaco!\u00bb, anunci\u00f3 V\u00e9lez en su cuenta oficial de Twitter sobre el desembarco de Pellegrino, de 48 a\u00f1os, que justamente hab\u00eda comenzado su carrera como futbolista en el club del porte\u00f1o barrio de Liniers.<\/span><\/p>\n<p><span style=\"color: #000000;\">Pellegrino actu\u00f3 como zaguero varios a\u00f1os en V\u00e9lez, club con el que gan\u00f3 las copas Libertadores e Intercontinental en 1994, al mando del \u00abVirrey\u00bb Carlos Bianchi y otros siete t\u00edtulos, mientras que luego jug\u00f3 varios a\u00f1os en Europa, en los clubes FC Barcelona, Valencia y Alav\u00e9s, de Espa\u00f1a, y Liverpool, de Inglaterra.<\/span><\/p>\n<p><span style=\"color: #000000;\">Casi de inmediato tras su retiro, Pellegrino comenz\u00f3 su tarea como entrenador, primero como asistente de Rafa Ben\u00edtez, y luego como director t\u00e9cnico del primer equipo de Valencia, Alav\u00e9s y Legan\u00e9s, todos de Espa\u00f1a, adem\u00e1s de los argentinos Estudiantes e Independiente, y el Southampton ingl\u00e9s.<\/span><\/p>\n<p><span style=\"color: #000000;\">Su \u00faltimo paso fue en Legan\u00e9s, club del que se desvincul\u00f3 en octubre de 2019, luego de una serie de magros resultados tras nueve fechas en la Liga espa\u00f1ola.<\/span><\/p>\n<p><span style=\"color: #000000;\">El v\u00ednculo de Pochettino con V\u00e9lez se extender\u00e1 al menos hasta el 30 de junio del a\u00f1o pr\u00f3ximo, pero su debut contin\u00faa sujeto a la reanudaci\u00f3n de la liga argentina, suspendida de momento por tiempo indefinido por la pandemia de coronavirus y el confinamiento obligatorio decretado por el gobierno nacional.<\/span><\/p>\n<p><img fetchpriority=\"high\" decoding=\"async\" class=\"aligncenter size-full wp-image-27641\" src=\"http:\/\/elinformanteperu.com\/wp-content\/uploads\/2018\/05\/luis-abram1.jpg\" alt=\"\" width=\"1800\" height=\"1349\" srcset=\"https:\/\/elinformanteperu.com\/wp-content\/uploads\/2018\/05\/luis-abram1.jpg 1800w, https:\/\/elinformanteperu.com\/wp-content\/uploads\/2018\/05\/luis-abram1-300x225.jpg 300w, https:\/\/elinformanteperu.com\/wp-content\/uploads\/2018\/05\/luis-abram1-768x576.jpg 768w, https:\/\/elinformanteperu.com\/wp-content\/uploads\/2018\/05\/luis-abram1-1024x767.jpg 1024w, https:\/\/elinformanteperu.com\/wp-content\/uploads\/2018\/05\/luis-abram1-128x96.jpg 128w, https:\/\/elinformanteperu.com\/wp-content\/uploads\/2018\/05\/luis-abram1-32x24.jpg 32w\" sizes=\"(max-width: 1800px) 100vw, 1800px\" \/><\/p>\n","protected":false},"excerpt":{"rendered":"<p>Mauricio Pellegrino fue anunciado como nuevo entrenador del argentino V\u00e9lez Sarsfield como reemplazante de Gabriel Heinze. Lima, 17 Abril 2020, (ANDINA).- Mauricio Pellegrino fue anunciado como nuevo entrenador del argentino V\u00e9lez Sarsfield como reemplazante de Gabriel Heinze, se\u00f1al\u00f3 el club en sus redes sociales. \u00ab\u00a1Mauricio Pellegrino vuelve a su casa! \u00a1Bienvenido Flaco!\u00bb, anunci\u00f3 V\u00e9lez en [&hellip;]<\/p>\n","protected":false},"author":1,"featured_media":68917,"comment_status":"open","ping_status":"open","sticky":false,"template":"","format":"standard","meta":{"rop_custom_images_group":[],"rop_custom_messages_group":[],"rop_publish_now":"initial","rop_publish_now_accounts":[],"rop_publish_now_history":[],"rop_publish_now_status":"pending","footnotes":""},"categories":[8],"tags":[1335,5482,5483],"class_list":["post-68916","post","type-post","status-publish","format-standard","has-post-thumbnail","hentry","category-disciplinas-deportivas","tag-luis-abram","tag-mauricio-pellegrino","tag-velez-sarsfield"],"_links":{"self":[{"href":"https:\/\/elinformanteperu.com\/index.php\/wp-json\/wp\/v2\/posts\/68916","targetHints":{"allow":["GET"]}}],"collection":[{"href":"https:\/\/elinformanteperu.com\/index.php\/wp-json\/wp\/v2\/posts"}],"about":[{"href":"https:\/\/elinformanteperu.com\/index.php\/wp-json\/wp\/v2\/types\/post"}],"author":[{"embeddable":true,"href":"https:\/\/elinformanteperu.com\/index.php\/wp-json\/wp\/v2\/users\/1"}],"replies":[{"embeddable":true,"href":"https:\/\/elinformanteperu.com\/index.php\/wp-json\/wp\/v2\/comments?post=68916"}],"version-history":[{"count":1,"href":"https:\/\/elinformanteperu.com\/index.php\/wp-json\/wp\/v2\/posts\/68916\/revisions"}],"predecessor-version":[{"id":68918,"href":"https:\/\/elinformanteperu.com\/index.php\/wp-json\/wp\/v2\/posts\/68916\/revisions\/68918"}],"wp:featuredmedia":[{"embeddable":true,"href":"https:\/\/elinformanteperu.com\/index.php\/wp-json\/wp\/v2\/media\/68917"}],"wp:attachment":[{"href":"https:\/\/elinformanteperu.com\/index.php\/wp-json\/wp\/v2\/media?parent=68916"}],"wp:term":[{"taxonomy":"category","embeddable":true,"href":"https:\/\/elinformanteperu.com\/index.php\/wp-json\/wp\/v2\/categories?post=68916"},{"taxonomy":"post_tag","embeddable":true,"href":"https:\/\/elinformanteperu.com\/index.php\/wp-json\/wp\/v2\/tags?post=68916"}],"curies":[{"name":"wp","href":"https:\/\/api.w.org\/{rel}","templated":true}]}}