{"id":68762,"date":"2020-04-15T19:55:30","date_gmt":"2020-04-16T00:55:30","guid":{"rendered":"http:\/\/elinformanteperu.com\/?p=68762"},"modified":"2020-04-15T19:55:30","modified_gmt":"2020-04-16T00:55:30","slug":"pacifico-seguros-devolvera-el-50-de-las-primas-de-marzo-y-abril-a-clientes-de-seguros-vehiculares","status":"publish","type":"post","link":"https:\/\/elinformanteperu.com\/index.php\/2020\/04\/15\/pacifico-seguros-devolvera-el-50-de-las-primas-de-marzo-y-abril-a-clientes-de-seguros-vehiculares\/","title":{"rendered":"Pac\u00edfico Seguros devolver\u00e1 el 50% de las primas de marzo y abril a clientes de seguros vehiculares"},"content":{"rendered":"<p><strong><span style=\"color: #000000;\">Esta devoluci\u00f3n llegar\u00e1 a representar hasta S\/11 millones de soles. Tambi\u00e9n se han generado facilidades para los asegurados que hayan sido impactados por el COVID19.<\/span><\/strong><\/p>\n<p><span style=\"color: #000000;\"><strong>Lima, 15 Abril 2020, (El Informante Per\u00fa).-<\/strong> La actual coyuntura provocada por el COVID -19 obliga a peruanos y peruanas a pensar no solo en c\u00f3mo proteger su salud, sino c\u00f3mo afrontar econ\u00f3micamente el contexto sin quedar desprotegidos. Por eso, Pac\u00edfico Seguros ha dispuesto apoyar desde ambos frentes a sus clientes.<\/span><\/p>\n<p><span style=\"color: #000000;\">El aislamiento social obligatorio ha reducido la exposici\u00f3n de algunos autos, sin embargo, hay quienes a\u00fan est\u00e1n haciendo uso de sus veh\u00edculos y de las coberturas de sus seguros. Por ello, todas las personas que cuenten con un seguro vehicular individual recibir\u00e1n la devoluci\u00f3n del 50% de las primas de marzo y abril.<\/span><\/p>\n<p><span style=\"color: #000000;\">\u201cEn los pr\u00f3ximos d\u00edas se har\u00e1 un abono directo a su cuenta o tarjeta si es que ya est\u00e1n afiliados al d\u00e9bito autom\u00e1tico. Si el asegurado no est\u00e1 afiliado, puede descargar la app Mi Espacio Pac\u00edfico para hacerlo y recibir la devoluci\u00f3n. Para nosotros es clave reconocer la confianza que nuestros clientes nos siguen brindando con acciones importantes como esta, que representar\u00e1 hasta S\/11 millones en devoluciones\u201d, indic\u00f3 Luciano Bedoya, gerente de Divisi\u00f3n de Seguros Vehiculares, Personales y Empresariales de la empresa.<\/span><\/p>\n<p><span style=\"color: #000000;\">Adem\u00e1s, Pac\u00edfico tambi\u00e9n ha implementado facilidades ante los problemas que podr\u00edan tener sus clientes, si se han visto impactados por el contexto del Coronavirus, para mantenerse al d\u00eda en el pago de sus seguros. En estos casos, el asegurado puede contactarse al chat web de la empresa para que se le brinde el apoyo que necesite.<\/span><\/p>\n<p><strong><span style=\"color: #000000;\">Otros frentes<\/span><\/strong><\/p>\n<p><span style=\"color: #000000;\">A trav\u00e9s de los Seguros de Salud (Integrales) y planes EPS, Pac\u00edfico acompa\u00f1a a sus clientes con servicios de teleorientaci\u00f3n y chat m\u00e9dico las 24 horas del d\u00eda (Dr. Online a trav\u00e9s del APP SANNA), M\u00e9dicos en L\u00ednea y M\u00e9dicos a Domicilio.<\/span><\/p>\n<p><span style=\"color: #000000;\">Adem\u00e1s, para toda la cartera, est\u00e1 la central de emergencias (415-1515) y la de consultas (513-5000), y los asegurados de Pac\u00edfico pueden contactarse para resolver sus dudas a trav\u00e9s del chat web en www.pacifico.com.pe y el Facebook Chat.<\/span><\/p>\n<p><span style=\"color: #000000;\">Finalmente, una importante iniciativa dirigida a la comunidad es la donaci\u00f3n de un fondo de S\/ 5 millones, con el que se financiar\u00e1 el equivalente a un Seguro de Vida de S\/50 mil para cada una de las familias del personal asistencial del MINSA, de los Hospitales P\u00fablicos Regionales, y los efectivos de la Polic\u00eda Nacional y de las Fuerzas Armadas, que puedan ser v\u00edctimas del Coronavirus.<\/span><\/p>\n","protected":false},"excerpt":{"rendered":"<p>Esta devoluci\u00f3n llegar\u00e1 a representar hasta S\/11 millones de soles. Tambi\u00e9n se han generado facilidades para los asegurados que hayan sido impactados por el COVID19. Lima, 15 Abril 2020, (El Informante Per\u00fa).- La actual coyuntura provocada por el COVID -19 obliga a peruanos y peruanas a pensar no solo en c\u00f3mo proteger su salud, sino [&hellip;]<\/p>\n","protected":false},"author":1,"featured_media":67511,"comment_status":"open","ping_status":"open","sticky":false,"template":"","format":"standard","meta":{"rop_custom_images_group":[],"rop_custom_messages_group":[],"rop_publish_now":"initial","rop_publish_now_accounts":[],"rop_publish_now_history":[],"rop_publish_now_status":"pending","footnotes":""},"categories":[10],"tags":[5236,5364,675],"class_list":["post-68762","post","type-post","status-publish","format-standard","has-post-thumbnail","hentry","category-actualidad-municipal","tag-coronavirus","tag-covid-19","tag-pacifico-seguros"],"_links":{"self":[{"href":"https:\/\/elinformanteperu.com\/index.php\/wp-json\/wp\/v2\/posts\/68762","targetHints":{"allow":["GET"]}}],"collection":[{"href":"https:\/\/elinformanteperu.com\/index.php\/wp-json\/wp\/v2\/posts"}],"about":[{"href":"https:\/\/elinformanteperu.com\/index.php\/wp-json\/wp\/v2\/types\/post"}],"author":[{"embeddable":true,"href":"https:\/\/elinformanteperu.com\/index.php\/wp-json\/wp\/v2\/users\/1"}],"replies":[{"embeddable":true,"href":"https:\/\/elinformanteperu.com\/index.php\/wp-json\/wp\/v2\/comments?post=68762"}],"version-history":[{"count":1,"href":"https:\/\/elinformanteperu.com\/index.php\/wp-json\/wp\/v2\/posts\/68762\/revisions"}],"predecessor-version":[{"id":68763,"href":"https:\/\/elinformanteperu.com\/index.php\/wp-json\/wp\/v2\/posts\/68762\/revisions\/68763"}],"wp:featuredmedia":[{"embeddable":true,"href":"https:\/\/elinformanteperu.com\/index.php\/wp-json\/wp\/v2\/media\/67511"}],"wp:attachment":[{"href":"https:\/\/elinformanteperu.com\/index.php\/wp-json\/wp\/v2\/media?parent=68762"}],"wp:term":[{"taxonomy":"category","embeddable":true,"href":"https:\/\/elinformanteperu.com\/index.php\/wp-json\/wp\/v2\/categories?post=68762"},{"taxonomy":"post_tag","embeddable":true,"href":"https:\/\/elinformanteperu.com\/index.php\/wp-json\/wp\/v2\/tags?post=68762"}],"curies":[{"name":"wp","href":"https:\/\/api.w.org\/{rel}","templated":true}]}}