{"id":68759,"date":"2020-04-15T19:51:16","date_gmt":"2020-04-16T00:51:16","guid":{"rendered":"http:\/\/elinformanteperu.com\/?p=68759"},"modified":"2020-04-15T19:51:16","modified_gmt":"2020-04-16T00:51:16","slug":"senamhi-lima-y-callao-registran-aumento-de-temperatura-desde-ayer","status":"publish","type":"post","link":"https:\/\/elinformanteperu.com\/index.php\/2020\/04\/15\/senamhi-lima-y-callao-registran-aumento-de-temperatura-desde-ayer\/","title":{"rendered":"Senamhi: Lima y Callao registran aumento de temperatura desde ayer"},"content":{"rendered":"<p><strong><span style=\"color: #000000;\">La ciudad de Lima y tambi\u00e9n el Callao registran desde ayer un aumento de la temperatura m\u00e1xima, inform\u00f3 el Senamhi.<\/span><\/strong><\/p>\n<p><span style=\"color: #000000;\"><strong>Lima, 15 Abril 2020, (ANDINA).-<\/strong> La ciudad de Lima y tambi\u00e9n el Callao registran desde ayer un aumento de la temperatura m\u00e1xima, inform\u00f3 el Servicio Nacional de Meteorolog\u00eda e Hidrolog\u00eda (Senamhi).<\/span><\/p>\n<p><span style=\"color: #000000;\">De acuerdo al twitter del Senamhi, esto se debe al ingreso de vientos del norte y la escasa nubosidad que presenta el cielo capitalino.<\/span><\/p>\n<p><span style=\"color: #000000;\">Ayer martes 14 de abril, la estaci\u00f3n meteorol\u00f3gica del Senamhi, ubicada en el Campo de Marte, en Jes\u00fas Mar\u00eda, report\u00f3 28.7\u00b0C, mientras que la estaci\u00f3n ubicada en el aeropuerto Jorge Ch\u00e1vez en el Callao, registr\u00f3 28.3\u00b0C y la estaci\u00f3n Von Humboldt en La Molina alcanz\u00f3 29.5\u00b0C.<\/span><\/p>\n<p><span style=\"color: #000000;\">Hoy mi\u00e9rcoles 15 de abril, la temperatura m\u00e1xima alcanz\u00f3 valores de hasta 31\u00b0C en Lima Este y 29\u00b0C para Lima Oeste.<\/span><\/p>\n<p><span style=\"color: #000000;\">Como consecuencia de esto, se registraron \u00edndices de radiaci\u00f3n ultravioleta extremadamente altos hacia el mediod\u00eda.<\/span><\/p>\n<p><strong><span style=\"color: #000000;\">Incremento de vientos en la costa<\/span><\/strong><\/p>\n<p><span style=\"color: #000000;\">En oto aviso meteorol\u00f3gico, el Senamhi advierte que ma\u00f1ana jueves y el viernes en la costa, incluido Lima, aunque sin que esto signifique la ocurrencia de fen\u00f3menos meteorol\u00f3gicos peligrosos.<\/span><\/p>\n<p><span style=\"color: #000000;\">Los vientos tendr\u00e1n m\u00e1s fuerza en la regi\u00f3n Ica con r\u00e1fagas de hasta 40 kil\u00f3metros por hora.<\/span><\/p>\n","protected":false},"excerpt":{"rendered":"<p>La ciudad de Lima y tambi\u00e9n el Callao registran desde ayer un aumento de la temperatura m\u00e1xima, inform\u00f3 el Senamhi. Lima, 15 Abril 2020, (ANDINA).- La ciudad de Lima y tambi\u00e9n el Callao registran desde ayer un aumento de la temperatura m\u00e1xima, inform\u00f3 el Servicio Nacional de Meteorolog\u00eda e Hidrolog\u00eda (Senamhi). De acuerdo al twitter [&hellip;]<\/p>\n","protected":false},"author":1,"featured_media":68760,"comment_status":"open","ping_status":"open","sticky":false,"template":"","format":"standard","meta":{"rop_custom_images_group":[],"rop_custom_messages_group":[],"rop_publish_now":"initial","rop_publish_now_accounts":[],"rop_publish_now_history":[],"rop_publish_now_status":"pending","footnotes":""},"categories":[10],"tags":[1613,514],"class_list":["post-68759","post","type-post","status-publish","format-standard","has-post-thumbnail","hentry","category-actualidad-municipal","tag-lima","tag-senamhi"],"_links":{"self":[{"href":"https:\/\/elinformanteperu.com\/index.php\/wp-json\/wp\/v2\/posts\/68759","targetHints":{"allow":["GET"]}}],"collection":[{"href":"https:\/\/elinformanteperu.com\/index.php\/wp-json\/wp\/v2\/posts"}],"about":[{"href":"https:\/\/elinformanteperu.com\/index.php\/wp-json\/wp\/v2\/types\/post"}],"author":[{"embeddable":true,"href":"https:\/\/elinformanteperu.com\/index.php\/wp-json\/wp\/v2\/users\/1"}],"replies":[{"embeddable":true,"href":"https:\/\/elinformanteperu.com\/index.php\/wp-json\/wp\/v2\/comments?post=68759"}],"version-history":[{"count":1,"href":"https:\/\/elinformanteperu.com\/index.php\/wp-json\/wp\/v2\/posts\/68759\/revisions"}],"predecessor-version":[{"id":68761,"href":"https:\/\/elinformanteperu.com\/index.php\/wp-json\/wp\/v2\/posts\/68759\/revisions\/68761"}],"wp:featuredmedia":[{"embeddable":true,"href":"https:\/\/elinformanteperu.com\/index.php\/wp-json\/wp\/v2\/media\/68760"}],"wp:attachment":[{"href":"https:\/\/elinformanteperu.com\/index.php\/wp-json\/wp\/v2\/media?parent=68759"}],"wp:term":[{"taxonomy":"category","embeddable":true,"href":"https:\/\/elinformanteperu.com\/index.php\/wp-json\/wp\/v2\/categories?post=68759"},{"taxonomy":"post_tag","embeddable":true,"href":"https:\/\/elinformanteperu.com\/index.php\/wp-json\/wp\/v2\/tags?post=68759"}],"curies":[{"name":"wp","href":"https:\/\/api.w.org\/{rel}","templated":true}]}}