{"id":68750,"date":"2020-04-15T19:39:59","date_gmt":"2020-04-16T00:39:59","guid":{"rendered":"http:\/\/elinformanteperu.com\/?p=68750"},"modified":"2020-04-15T19:39:59","modified_gmt":"2020-04-16T00:39:59","slug":"coronavirus-el-mercadillo-de-cajamarca-solo-atendera-lunes-miercoles-y-viernes","status":"publish","type":"post","link":"https:\/\/elinformanteperu.com\/index.php\/2020\/04\/15\/coronavirus-el-mercadillo-de-cajamarca-solo-atendera-lunes-miercoles-y-viernes\/","title":{"rendered":"Coronavirus: El Mercadillo de Cajamarca s\u00f3lo atender\u00e1 lunes, mi\u00e9rcoles y viernes"},"content":{"rendered":"<p><strong><span style=\"color: #000000;\">Los dirigentes de comerciantes de la Parada El Mercadillo acordaron con las autoridades de Cajamarca restringir la atenci\u00f3n en este centro de abasto.<\/span><\/strong><\/p>\n<p><span style=\"color: #000000;\"><strong>Cajamarca, 15 Abril 2020, (ANDINA).-<\/strong> Los dirigentes de comerciantes de la Parada El Mercadillo acordaron con las autoridades de Cajamarca restringir la atenci\u00f3n en este centro de abasto a los d\u00edas lunes, mi\u00e9rcoles y viernes, mientras que los cuatro d\u00edas restantes no habr\u00e1 atenci\u00f3n; a fin de evitar aglomeraciones y evitar posibilidades de contagio y proliferaci\u00f3n del coronavirus.<\/span><\/p>\n<p><span style=\"color: #000000;\">El acuerdo tambi\u00e9n incluye la atenci\u00f3n diferenciada por g\u00e9nero, as\u00ed los lunes y viernes s\u00f3lo se atender\u00e1 a mujeres y los mi\u00e9rcoles a varones.<\/span><\/p>\n<p><span style=\"color: #000000;\">Los carretilleros y tricicleros ser\u00e1n empadronados para que puedan atender en las calles adyacentes y los veh\u00edculos de carga que abastecen a este mercadillo s\u00f3lo podr\u00e1n descargar desde las 18:00 horas hasta las 06:00 horas de d\u00eda de atenci\u00f3n.<\/span><\/p>\n<p><span style=\"color: #000000;\">El Mercadillo alberga a alrededor de 3,000 comerciantes informales que expenden productos de panllevar, y se extienden en la v\u00eda p\u00fablica de los jirones 11 de febrero, Bambamarca, Tayabamba, Legu\u00eda, Chamchamayo y otros. Dicha medida no incluye a los mercados formales.<\/span><\/p>\n<p><span style=\"color: #000000;\">Tras el acuerdo, el alcalde de Cajamarca, Andr\u00e9s Villar Narro, agradeci\u00f3 el compromiso de los comerciantes para colaborar en un tema de salubridad que ayuda a todos, pero record\u00f3 que la mejor medida de prevenci\u00f3n es quedarse en casa, el distanciamiento social y la higiene continua.<\/span><\/p>\n<p><span style=\"color: #000000;\">A su turno, \u00c1lvaro V\u00e1squez, presidente de la Asociaci\u00f3n de Comerciantes, dijo que la medida ha sido consensuada, ya que ellos tambi\u00e9n exponen sus vidas y las de sus familiares, por ello fue enf\u00e1tico en se\u00f1alar \u201cSi va una mujer en una fecha donde s\u00f3lo se atiende a varones, no la vamos a atender, igual para los varones\u201d.<\/span><\/p>\n<p><span style=\"color: #000000;\">En la reuni\u00f3n de coordinaci\u00f3n tambi\u00e9n estuvieron presentes representantes de la Polic\u00eda Nacional, Fiscal\u00eda, Red de Salud y Colegio M\u00e9dico.<\/span><\/p>\n<p><strong><span style=\"color: #000000;\">Limpieza de calles<\/span><\/strong><\/p>\n<p><span style=\"color: #000000;\">Esta ma\u00f1ana, la Municipalidad Provincial de Cajamarca, a trav\u00e9s de la Subgerencia de Desarrollo Ambiental de Limpieza P\u00fablica y Ornato realizaron un megaoperativo de limpieza total de El Mercadillo de Cajamarca.<\/span><\/p>\n<p><span style=\"color: #000000;\">Tal labor empez\u00f3 con el baldeado de todas las \u00e1reas de El Mercadillo desde las 05:00 horas, y luego sigui\u00f3 la fumigaci\u00f3n y desinfecci\u00f3n de dicho centro de abastos, as\u00ed como de las calles aleda\u00f1as.<\/span><\/p>\n<p><span style=\"color: #000000;\">Este programa de limpieza general del mercadillo se llevar\u00e1 a cabo todos los mi\u00e9rcoles y s\u00e1bados.<\/span><\/p>\n<p><span style=\"color: #000000;\">De otro lado, en la v\u00edspera se fumigaron y desinfectaron las calles aleda\u00f1as al Cementerio General, utilizando como siempre sistemas de desinfecci\u00f3n con amonio cuaternario de cuarta y quinta generaci\u00f3n, eficientes para combatir hongos, bacterias y virus.<\/span><\/p>\n<p><span style=\"color: #000000;\">Dicho trabajo se realiz\u00f3 en las avenidas La Paz y Alfonso Ugarte, as\u00ed como los jirones Bolognesi y Diego Ferr\u00e9.<\/span><\/p>\n<p><span style=\"color: #000000;\">Posteriormente se efectuaron trabajos de fumigaci\u00f3n y desinfecci\u00f3n en las calles aleda\u00f1as al Hospital Covid Cajamarca, Sim\u00f3n Bol\u00edvar, espec\u00edficamente en las calles Mario Urteaga, Miguel Grau, Guillermo Urrelo y San Salvador.<\/span><\/p>\n<p><span style=\"color: #000000;\">M\u00e1s all\u00e1 de los trabajos de fumigaci\u00f3n y desinfecci\u00f3n, las autoridades de la municipalidad provincial recordaron que la mejor forma de prevenir el contagio del covid-19 es el distanciamiento social y evitar salir de casa.<\/span><\/p>\n","protected":false},"excerpt":{"rendered":"<p>Los dirigentes de comerciantes de la Parada El Mercadillo acordaron con las autoridades de Cajamarca restringir la atenci\u00f3n en este centro de abasto. Cajamarca, 15 Abril 2020, (ANDINA).- Los dirigentes de comerciantes de la Parada El Mercadillo acordaron con las autoridades de Cajamarca restringir la atenci\u00f3n en este centro de abasto a los d\u00edas lunes, [&hellip;]<\/p>\n","protected":false},"author":1,"featured_media":68751,"comment_status":"open","ping_status":"open","sticky":false,"template":"","format":"standard","meta":{"rop_custom_images_group":[],"rop_custom_messages_group":[],"rop_publish_now":"initial","rop_publish_now_accounts":[],"rop_publish_now_history":[],"rop_publish_now_status":"pending","footnotes":""},"categories":[10],"tags":[978,5236,5364],"class_list":["post-68750","post","type-post","status-publish","format-standard","has-post-thumbnail","hentry","category-actualidad-municipal","tag-cajamarca","tag-coronavirus","tag-covid-19"],"_links":{"self":[{"href":"https:\/\/elinformanteperu.com\/index.php\/wp-json\/wp\/v2\/posts\/68750","targetHints":{"allow":["GET"]}}],"collection":[{"href":"https:\/\/elinformanteperu.com\/index.php\/wp-json\/wp\/v2\/posts"}],"about":[{"href":"https:\/\/elinformanteperu.com\/index.php\/wp-json\/wp\/v2\/types\/post"}],"author":[{"embeddable":true,"href":"https:\/\/elinformanteperu.com\/index.php\/wp-json\/wp\/v2\/users\/1"}],"replies":[{"embeddable":true,"href":"https:\/\/elinformanteperu.com\/index.php\/wp-json\/wp\/v2\/comments?post=68750"}],"version-history":[{"count":1,"href":"https:\/\/elinformanteperu.com\/index.php\/wp-json\/wp\/v2\/posts\/68750\/revisions"}],"predecessor-version":[{"id":68752,"href":"https:\/\/elinformanteperu.com\/index.php\/wp-json\/wp\/v2\/posts\/68750\/revisions\/68752"}],"wp:featuredmedia":[{"embeddable":true,"href":"https:\/\/elinformanteperu.com\/index.php\/wp-json\/wp\/v2\/media\/68751"}],"wp:attachment":[{"href":"https:\/\/elinformanteperu.com\/index.php\/wp-json\/wp\/v2\/media?parent=68750"}],"wp:term":[{"taxonomy":"category","embeddable":true,"href":"https:\/\/elinformanteperu.com\/index.php\/wp-json\/wp\/v2\/categories?post=68750"},{"taxonomy":"post_tag","embeddable":true,"href":"https:\/\/elinformanteperu.com\/index.php\/wp-json\/wp\/v2\/tags?post=68750"}],"curies":[{"name":"wp","href":"https:\/\/api.w.org\/{rel}","templated":true}]}}