{"id":68624,"date":"2020-04-14T16:06:14","date_gmt":"2020-04-14T21:06:14","guid":{"rendered":"http:\/\/elinformanteperu.com\/?p=68624"},"modified":"2020-04-14T16:06:14","modified_gmt":"2020-04-14T21:06:14","slug":"rosalia-da-detalles-de-su-esperada-colaboracion-con-billie-eilish","status":"publish","type":"post","link":"https:\/\/elinformanteperu.com\/index.php\/2020\/04\/14\/rosalia-da-detalles-de-su-esperada-colaboracion-con-billie-eilish\/","title":{"rendered":"Rosal\u00eda da detalles de su esperada colaboraci\u00f3n con Billie Eilish"},"content":{"rendered":"<p><strong><span style=\"color: #000000;\">Rosal\u00eda fue la invitada especial en la radio estadounidense Beats 1, donde revel\u00f3 que su esperada colaboraci\u00f3n con Billie Eilish est\u00e1 \u00abcasi terminada\u00bb.<\/span><\/strong><\/p>\n<p><span style=\"color: #000000;\"><strong>Los \u00c1ngeles, 14 Abril 2020, (ANDINA).-<\/strong> Confinada en Miami durante la pandemia del coronavirus, Rosal\u00eda fue la invitada especial este martes en la radio estadounidense Beats 1, donde puso algunas de sus canciones preferidas de flamenco y revel\u00f3 que su esperada colaboraci\u00f3n con Billie Eilish est\u00e1 \u00abcasi terminada\u00bb.<\/span><\/p>\n<p><span style=\"color: #000000;\">\u00abEn las \u00faltimas dos semanas he intentado terminar la colaboraci\u00f3n con Billie Eilish\u00bb, dijo la estrella espa\u00f1ola en esta emisora digital.<\/span><\/p>\n<p><span style=\"color: #000000;\">\u00abMe parece que ya est\u00e1 cerca. Creo que los arreglos los acab\u00e9 ayer. Siento que la producci\u00f3n, el dise\u00f1o de sonido, est\u00e1 casi terminado, as\u00ed que solo necesito que Billie me mande su parte vocal y que ellos (Billie Eilish y su hermano Finneas) me env\u00eden las ideas que quieran a\u00f1adir porque ya estamos ah\u00ed\u00bb, agreg\u00f3.<\/span><\/p>\n<p><span style=\"color: #000000;\">Rosal\u00eda, que a finales de marzo present\u00f3 el tema \u00abDolerme\u00bb, comparti\u00f3 hoy con sus fans una \u00abplaylist\u00bb (lista de reproducci\u00f3n) de algunas de sus canciones preferidas, con una especial atenci\u00f3n al flamenco.<\/span><\/p>\n<p><span style=\"color: #000000;\">As\u00ed, sonaron en Beats 1 Los Chichos (\u00abNi m\u00e1s ni menos\u00bb), Camar\u00f3n de la Isla (\u00abComo el agua\u00bb) o El Ni\u00f1o de Elche (\u00abEl prefacio de la malague\u00f1a de El Mellizo\u00bb).<\/span><\/p>\n<p><span style=\"color: #000000;\">Pero la sesi\u00f3n preparada por Rosal\u00eda tambi\u00e9n mir\u00f3 a otros horizontes musicales, desde el barroco de Johann Sebastian Bach (fuga \u00abSt. Anne\u00bb en Mi bemol Mayor) al R&amp;B de Frank Ocean (\u00abCayendo\u00bb) pasando por el punk de Sid Vicious (\u00abMy Way\u00bb), el g\u00f3spel de Aretha Franklin (\u00abAmazing Grace\u00bb) o el reguet\u00f3n de La Goony Chonga (\u00abDuro 2005) y Bad Bunny (\u00abSafaera\u00bb)<\/span><\/p>\n<p><span style=\"color: #000000;\">Rosal\u00eda tambi\u00e9n dijo hoy que ten\u00eda previsto lanzar en marzo una nueva colaboraci\u00f3n con Travis Scott (juntos ya editaron \u201cHighest in the room\u00bb en 2019) y adelant\u00f3 que es un tema \u00absuperagresivo\u00bb y destinado a los clubs.<\/span><\/p>\n<p><span style=\"color: #000000;\">Sin embargo, Rosal\u00eda consider\u00f3 que esta canci\u00f3n, que \u00abya est\u00e1 terminada\u00bb y que tambi\u00e9n tiene hecho el videoclip, no era apropiada ahora, por lo que apost\u00f3 por lanzar \u00abDolerme\u00bb en su lugar.<\/span><\/p>\n<p><span style=\"color: #000000;\">\u00abEsta canci\u00f3n con Travis Scott tiene una energ\u00eda que es muy espec\u00edfica para un momento concreto y no sent\u00eda que era lo correcto presentarla ahora, no sent\u00eda que estaba conectada con lo que est\u00e1 pasando en el mundo en este momento\u00bb, indic\u00f3.<\/span><\/p>\n<p><span style=\"color: #000000;\">Por otro lado, y como parte de esta entrevista con el periodista y DJ Zane Lowe, Rosal\u00eda confes\u00f3 que le resulta dif\u00edcil concentrarse por el confinamiento en Miami en estos momentos, admiti\u00f3 que echa de menos a su familia en Barcelona y dijo que tiene muchas ganas de abrazar a su madre y su hermana.<\/span><\/p>\n<p><span style=\"color: #000000;\">\u00abGracias a Dios, estamos todos a salvo\u00bb, contrapuso.<\/span><\/p>\n<p><iframe title=\"ROSAL\u00cdA, J Balvin - Con Altura (Official Video) ft. El Guincho\" width=\"615\" height=\"461\" src=\"https:\/\/www.youtube.com\/embed\/p7bfOZek9t4?feature=oembed\" frameborder=\"0\" allow=\"accelerometer; autoplay; clipboard-write; encrypted-media; gyroscope; picture-in-picture; web-share\" referrerpolicy=\"strict-origin-when-cross-origin\" allowfullscreen><\/iframe><\/p>\n","protected":false},"excerpt":{"rendered":"<p>Rosal\u00eda fue la invitada especial en la radio estadounidense Beats 1, donde revel\u00f3 que su esperada colaboraci\u00f3n con Billie Eilish est\u00e1 \u00abcasi terminada\u00bb. Los \u00c1ngeles, 14 Abril 2020, (ANDINA).- Confinada en Miami durante la pandemia del coronavirus, Rosal\u00eda fue la invitada especial este martes en la radio estadounidense Beats 1, donde puso algunas de sus [&hellip;]<\/p>\n","protected":false},"author":1,"featured_media":68625,"comment_status":"open","ping_status":"open","sticky":false,"template":"","format":"standard","meta":{"rop_custom_images_group":[],"rop_custom_messages_group":[],"rop_publish_now":"initial","rop_publish_now_accounts":[],"rop_publish_now_history":[],"rop_publish_now_status":"pending","footnotes":""},"categories":[69],"tags":[5454,4012],"class_list":["post-68624","post","type-post","status-publish","format-standard","has-post-thumbnail","hentry","category-musica","tag-billie-eilish","tag-rosalia"],"_links":{"self":[{"href":"https:\/\/elinformanteperu.com\/index.php\/wp-json\/wp\/v2\/posts\/68624","targetHints":{"allow":["GET"]}}],"collection":[{"href":"https:\/\/elinformanteperu.com\/index.php\/wp-json\/wp\/v2\/posts"}],"about":[{"href":"https:\/\/elinformanteperu.com\/index.php\/wp-json\/wp\/v2\/types\/post"}],"author":[{"embeddable":true,"href":"https:\/\/elinformanteperu.com\/index.php\/wp-json\/wp\/v2\/users\/1"}],"replies":[{"embeddable":true,"href":"https:\/\/elinformanteperu.com\/index.php\/wp-json\/wp\/v2\/comments?post=68624"}],"version-history":[{"count":1,"href":"https:\/\/elinformanteperu.com\/index.php\/wp-json\/wp\/v2\/posts\/68624\/revisions"}],"predecessor-version":[{"id":68626,"href":"https:\/\/elinformanteperu.com\/index.php\/wp-json\/wp\/v2\/posts\/68624\/revisions\/68626"}],"wp:featuredmedia":[{"embeddable":true,"href":"https:\/\/elinformanteperu.com\/index.php\/wp-json\/wp\/v2\/media\/68625"}],"wp:attachment":[{"href":"https:\/\/elinformanteperu.com\/index.php\/wp-json\/wp\/v2\/media?parent=68624"}],"wp:term":[{"taxonomy":"category","embeddable":true,"href":"https:\/\/elinformanteperu.com\/index.php\/wp-json\/wp\/v2\/categories?post=68624"},{"taxonomy":"post_tag","embeddable":true,"href":"https:\/\/elinformanteperu.com\/index.php\/wp-json\/wp\/v2\/tags?post=68624"}],"curies":[{"name":"wp","href":"https:\/\/api.w.org\/{rel}","templated":true}]}}