{"id":68619,"date":"2020-04-14T16:01:53","date_gmt":"2020-04-14T21:01:53","guid":{"rendered":"http:\/\/elinformanteperu.com\/?p=68619"},"modified":"2020-04-14T16:02:14","modified_gmt":"2020-04-14T21:02:14","slug":"radio-disney-presenta-separadosperojuntos-con-ricardo-montaner-y-grandes-artistas","status":"publish","type":"post","link":"https:\/\/elinformanteperu.com\/index.php\/2020\/04\/14\/radio-disney-presenta-separadosperojuntos-con-ricardo-montaner-y-grandes-artistas\/","title":{"rendered":"Radio Disney presenta #SeparadosPeroJuntos con Ricardo Montaner y grandes artistas"},"content":{"rendered":"<p><strong><span style=\"color: #000000;\">Una iniciativa que conecta a la m\u00fasica y a Disney como nunca antes. El 16 de abril, los canales de televisi\u00f3n, Radio y plataformas digitales de Disney, realizar\u00e1n una transmisi\u00f3n en simult\u00e1neo con la participaci\u00f3n de importantes artistas.<\/span><\/strong><\/p>\n<p><span style=\"color: #000000;\"><strong>Lima, 14 Abril 2020, (El Informante Per\u00fa).-<\/strong> El pr\u00f3ximo jueves 16 de abril a las 20:00 en Per\u00fa por primera vez, gran parte de los medios de Disney unir\u00e1n sus transmisiones, interrumpiendo la programaci\u00f3n en toda la regi\u00f3n. Se trata de un programa sin fines de lucro, que invita a diferentes artistas a compartir su m\u00fasica, cada uno desde su hogar. De esta manera se busca acompa\u00f1ar e inspirar y llevar entretenimiento a las familias de Latinoam\u00e9rica con palabras de uni\u00f3n y esperanza en este momento tan especial que se vive en todo el mundo.<\/span><\/p>\n<p><span style=\"color: #000000;\">El programa contar\u00e1 con la presencia de Ricardo Montaner como anfitri\u00f3n y la participaci\u00f3n de David Bisbal, Alejandro Sanz, Mau y Ricky, Tini, Sebasti\u00e1n Yatra, Maluma, Carlos Vives, Alfonso El Pintor, Cali &amp; El Dandee, Cami, Luis Fonsi, Camilo, Luciano Pereyra, Aitana, Diego Torres, Mya, CNCO, Abel Pintos, Morat, Danna Paola, Pablo Albor\u00e1n, Lali, Reik, Sof\u00eda Reyes y Soledad Pastorutti. <\/span><\/p>\n<p><img fetchpriority=\"high\" decoding=\"async\" class=\"aligncenter size-full wp-image-68622\" src=\"http:\/\/elinformanteperu.com\/wp-content\/uploads\/2020\/04\/Radio-disney-separado-pero-juntos.jpg\" alt=\"\" width=\"620\" height=\"514\" srcset=\"https:\/\/elinformanteperu.com\/wp-content\/uploads\/2020\/04\/Radio-disney-separado-pero-juntos.jpg 620w, https:\/\/elinformanteperu.com\/wp-content\/uploads\/2020\/04\/Radio-disney-separado-pero-juntos-300x250.jpg 300w\" sizes=\"(max-width: 620px) 100vw, 620px\" \/><span style=\"color: #000000;\">Todos, desde sus hogares, compartir\u00e1n canciones y mensajes de aliento para seguir cuid\u00e1ndonos juntos y en nuestras casas durante este particular momento.<\/span><\/p>\n<p><span style=\"color: #000000;\">Radio Disney Presenta: #SeparadosPeroJuntos, podr\u00e1 verse en televisi\u00f3n en simult\u00e1neo, en Disney Channel, Disney Junior, Disney XD, todas las se\u00f1ales de ESPN y FOX Sports, FOX Channel, FOX life, National Geographic, FX, FXM y Cinecanal. Tambi\u00e9n se escuchar\u00e1 a trav\u00e9s de las distintas emisoras de Radio Disney en la regi\u00f3n de habla hispana. Adem\u00e1s, se transmitir\u00e1 en siguientes sitios web: Radio Disney, Disneylatino, ESPN, y National Geographic.<\/span><\/p>\n<p><img decoding=\"async\" class=\"aligncenter size-full wp-image-68621\" src=\"http:\/\/elinformanteperu.com\/wp-content\/uploads\/2020\/04\/radio-disney-unidos-Montaner.jpg\" alt=\"\" width=\"1024\" height=\"725\" srcset=\"https:\/\/elinformanteperu.com\/wp-content\/uploads\/2020\/04\/radio-disney-unidos-Montaner.jpg 1024w, https:\/\/elinformanteperu.com\/wp-content\/uploads\/2020\/04\/radio-disney-unidos-Montaner-300x212.jpg 300w, https:\/\/elinformanteperu.com\/wp-content\/uploads\/2020\/04\/radio-disney-unidos-Montaner-768x544.jpg 768w\" sizes=\"(max-width: 1024px) 100vw, 1024px\" \/><\/p>\n","protected":false},"excerpt":{"rendered":"<p>Una iniciativa que conecta a la m\u00fasica y a Disney como nunca antes. El 16 de abril, los canales de televisi\u00f3n, Radio y plataformas digitales de Disney, realizar\u00e1n una transmisi\u00f3n en simult\u00e1neo con la participaci\u00f3n de importantes artistas. Lima, 14 Abril 2020, (El Informante Per\u00fa).- El pr\u00f3ximo jueves 16 de abril a las 20:00 en [&hellip;]<\/p>\n","protected":false},"author":1,"featured_media":68620,"comment_status":"open","ping_status":"open","sticky":false,"template":"","format":"standard","meta":{"rop_custom_images_group":[],"rop_custom_messages_group":[],"rop_publish_now":"initial","rop_publish_now_accounts":[],"rop_publish_now_history":[],"rop_publish_now_status":"pending","footnotes":""},"categories":[70,69],"tags":[1946],"class_list":["post-68619","post","type-post","status-publish","format-standard","has-post-thumbnail","hentry","category-farandula","category-musica","tag-radio-disney"],"_links":{"self":[{"href":"https:\/\/elinformanteperu.com\/index.php\/wp-json\/wp\/v2\/posts\/68619","targetHints":{"allow":["GET"]}}],"collection":[{"href":"https:\/\/elinformanteperu.com\/index.php\/wp-json\/wp\/v2\/posts"}],"about":[{"href":"https:\/\/elinformanteperu.com\/index.php\/wp-json\/wp\/v2\/types\/post"}],"author":[{"embeddable":true,"href":"https:\/\/elinformanteperu.com\/index.php\/wp-json\/wp\/v2\/users\/1"}],"replies":[{"embeddable":true,"href":"https:\/\/elinformanteperu.com\/index.php\/wp-json\/wp\/v2\/comments?post=68619"}],"version-history":[{"count":1,"href":"https:\/\/elinformanteperu.com\/index.php\/wp-json\/wp\/v2\/posts\/68619\/revisions"}],"predecessor-version":[{"id":68623,"href":"https:\/\/elinformanteperu.com\/index.php\/wp-json\/wp\/v2\/posts\/68619\/revisions\/68623"}],"wp:featuredmedia":[{"embeddable":true,"href":"https:\/\/elinformanteperu.com\/index.php\/wp-json\/wp\/v2\/media\/68620"}],"wp:attachment":[{"href":"https:\/\/elinformanteperu.com\/index.php\/wp-json\/wp\/v2\/media?parent=68619"}],"wp:term":[{"taxonomy":"category","embeddable":true,"href":"https:\/\/elinformanteperu.com\/index.php\/wp-json\/wp\/v2\/categories?post=68619"},{"taxonomy":"post_tag","embeddable":true,"href":"https:\/\/elinformanteperu.com\/index.php\/wp-json\/wp\/v2\/tags?post=68619"}],"curies":[{"name":"wp","href":"https:\/\/api.w.org\/{rel}","templated":true}]}}