{"id":68614,"date":"2020-04-13T23:07:18","date_gmt":"2020-04-14T04:07:18","guid":{"rendered":"http:\/\/elinformanteperu.com\/?p=68614"},"modified":"2020-04-13T23:07:18","modified_gmt":"2020-04-14T04:07:18","slug":"gobierno-preve-dar-s-760-a-trabajadores-del-85-de-las-mypes-por-suspension-perfecta","status":"publish","type":"post","link":"https:\/\/elinformanteperu.com\/index.php\/2020\/04\/13\/gobierno-preve-dar-s-760-a-trabajadores-del-85-de-las-mypes-por-suspension-perfecta\/","title":{"rendered":"Gobierno prev\u00e9 dar S\/ 760 a trabajadores del 85% de las mypes por suspensi\u00f3n perfecta"},"content":{"rendered":"<p><strong><span style=\"color: #000000;\">La ministra de Trabajo, Sylvia C\u00e1ceres, indic\u00f3 que el Gobierno ha previsto recursos para otorgar la subvenci\u00f3n de 760 soles mensuales.<\/span><\/strong><\/p>\n<p><span style=\"color: #000000;\"><strong>Lima, 13 Abril 2020, (ANDINA).-<\/strong> La ministra de Trabajo y Promoci\u00f3n del Empleo, Sylvia C\u00e1ceres, indic\u00f3 que el Gobierno ha previsto recursos para otorgar la subvenci\u00f3n de 760 soles mensuales a los trabajadores involucrados en la suspensi\u00f3n perfecta de labores que se acoger\u00eda el 85% de las microempresas del pa\u00eds.<\/span><\/p>\n<p><span style=\"color: #000000;\">\u201cLa previsi\u00f3n que hemos hecho, en t\u00e9rminos presupuestales, es que el 85% de todos los trabajadores del r\u00e9gimen de la microempresa que estuvieran comprendidos en esta figura, tendr\u00edan el respaldo del pago de la prestaci\u00f3n econ\u00f3mica de emergencia\u201d, dijo en RPP.<\/span><\/p>\n<p><span style=\"color: #000000;\">Silvia C\u00e1ceres explic\u00f3 que este grupo de trabajadores no tienen acceso a la Compensaci\u00f3n por Tiempo de Servicios (CTS) porque su r\u00e9gimen laboral no lo permite, y por ello se crea una prestaci\u00f3n excepcional econ\u00f3mica de emergencia de protecci\u00f3n social que asciende a 760 soles por mes ante la suspensi\u00f3n perfecta a la que se acoger\u00eda la empresa donde laboran.<\/span><\/p>\n<p><span style=\"color: #000000;\">\u201cLa suspensi\u00f3n perfecta es una figura excepcional que comprende a las empresas que est\u00e9n afrontando serias dificultades econ\u00f3micas, algo que tiene que acreditar, y que no puedan desarrollar el trabajo remoto\u201d, manifest\u00f3.<\/span><\/p>\n<p><span style=\"color: #000000;\">\u201cLa opci\u00f3n del Gobierno es muy clara, no dejar en la desprotecci\u00f3n a los trabajadores m\u00e1s vulnerables, aquellos cuyos ingresos son bajos, no tienen capacidad de ahorro y en el caso del r\u00e9gimen de la microempresa, no est\u00e1 previsto el derecho de la CTS\u201d, agreg\u00f3.<\/span><\/p>\n<p><span style=\"color: #000000;\">La ministra sostuvo que esta prestaci\u00f3n econ\u00f3mica de emergencia tiene por objeto paliar el efecto que podr\u00eda tener una suspensi\u00f3n perfecta, d\u00e1ndole ingresos b\u00e1sicos para que no se queden desprovistos de recursos.<\/span><\/p>\n<p><span style=\"color: #000000;\">\u201cEs la primera en la historia del Per\u00fa, que un Gobierno hace un esfuerzo sin precedentes para destinar recursos (en la protecci\u00f3n de los trabajadores)\u201d, afirm\u00f3.<\/span><\/p>\n<p><span style=\"color: #000000;\">Sylvia C\u00e1ceres aclar\u00f3 que la suspensi\u00f3n perfecta puede operar en cualquier r\u00e9gimen laboral donde se acredite que la afectaci\u00f3n econ\u00f3mica es grave.<\/span><\/p>\n","protected":false},"excerpt":{"rendered":"<p>La ministra de Trabajo, Sylvia C\u00e1ceres, indic\u00f3 que el Gobierno ha previsto recursos para otorgar la subvenci\u00f3n de 760 soles mensuales. Lima, 13 Abril 2020, (ANDINA).- La ministra de Trabajo y Promoci\u00f3n del Empleo, Sylvia C\u00e1ceres, indic\u00f3 que el Gobierno ha previsto recursos para otorgar la subvenci\u00f3n de 760 soles mensuales a los trabajadores involucrados [&hellip;]<\/p>\n","protected":false},"author":1,"featured_media":67433,"comment_status":"open","ping_status":"open","sticky":false,"template":"","format":"standard","meta":{"rop_custom_images_group":[],"rop_custom_messages_group":[],"rop_publish_now":"initial","rop_publish_now_accounts":[],"rop_publish_now_history":[],"rop_publish_now_status":"pending","footnotes":""},"categories":[5],"tags":[5236,5364,320,1850,4367],"class_list":["post-68614","post","type-post","status-publish","format-standard","has-post-thumbnail","hentry","category-actualidad-informativa","tag-coronavirus","tag-covid-19","tag-ministerio-de-trabajo","tag-mtpe","tag-sylvia-caceres"],"_links":{"self":[{"href":"https:\/\/elinformanteperu.com\/index.php\/wp-json\/wp\/v2\/posts\/68614","targetHints":{"allow":["GET"]}}],"collection":[{"href":"https:\/\/elinformanteperu.com\/index.php\/wp-json\/wp\/v2\/posts"}],"about":[{"href":"https:\/\/elinformanteperu.com\/index.php\/wp-json\/wp\/v2\/types\/post"}],"author":[{"embeddable":true,"href":"https:\/\/elinformanteperu.com\/index.php\/wp-json\/wp\/v2\/users\/1"}],"replies":[{"embeddable":true,"href":"https:\/\/elinformanteperu.com\/index.php\/wp-json\/wp\/v2\/comments?post=68614"}],"version-history":[{"count":1,"href":"https:\/\/elinformanteperu.com\/index.php\/wp-json\/wp\/v2\/posts\/68614\/revisions"}],"predecessor-version":[{"id":68615,"href":"https:\/\/elinformanteperu.com\/index.php\/wp-json\/wp\/v2\/posts\/68614\/revisions\/68615"}],"wp:featuredmedia":[{"embeddable":true,"href":"https:\/\/elinformanteperu.com\/index.php\/wp-json\/wp\/v2\/media\/67433"}],"wp:attachment":[{"href":"https:\/\/elinformanteperu.com\/index.php\/wp-json\/wp\/v2\/media?parent=68614"}],"wp:term":[{"taxonomy":"category","embeddable":true,"href":"https:\/\/elinformanteperu.com\/index.php\/wp-json\/wp\/v2\/categories?post=68614"},{"taxonomy":"post_tag","embeddable":true,"href":"https:\/\/elinformanteperu.com\/index.php\/wp-json\/wp\/v2\/tags?post=68614"}],"curies":[{"name":"wp","href":"https:\/\/api.w.org\/{rel}","templated":true}]}}