{"id":68608,"date":"2020-04-13T23:02:34","date_gmt":"2020-04-14T04:02:34","guid":{"rendered":"http:\/\/elinformanteperu.com\/?p=68608"},"modified":"2020-04-13T23:02:34","modified_gmt":"2020-04-14T04:02:34","slug":"coronavirus-mesa-directiva-del-congreso-sesiono-en-forma-virtual-por-primera-vez","status":"publish","type":"post","link":"https:\/\/elinformanteperu.com\/index.php\/2020\/04\/13\/coronavirus-mesa-directiva-del-congreso-sesiono-en-forma-virtual-por-primera-vez\/","title":{"rendered":"Coronavirus: Mesa Directiva del Congreso sesion\u00f3 en forma virtual por primera vez"},"content":{"rendered":"<p><strong><span style=\"color: #000000;\">Por primera vez en su historia, la Mesa Directiva del Congreso sesion\u00f3, en forma virtual, conducido por su presidente, Manuel Merino de Lama.<\/span><\/strong><\/p>\n<p><span style=\"color: #000000;\"><strong>Lima, 13 Abril 2020, (ANDINA).-<\/strong> Por primera vez en su historia, la Mesa Directiva del Congreso sesion\u00f3, en forma virtual, conducido por el presidente de este Poder del Estado, Manuel Merino de Lama.<\/span><\/p>\n<p><span style=\"color: #000000;\">Participaron en la sesi\u00f3n, adem\u00e1s del presidente de Congreso, los tres vicepresidentes: Luis Valdez Far\u00edas, Guillermo Aliaga Pajares y Mar\u00eda Teresa Cabrera Vega.<\/span><\/p>\n<p><span style=\"color: #000000;\">Tras su instalaci\u00f3n, el Pleno del Congreso modific\u00f3 su reglamento para permitir las sesiones virtuales debido al aislamiento social dispuesto por el Gobierno ante el coronavirus.<\/span><\/p>\n<p><span style=\"color: #000000;\">Merino de Lama anunci\u00f3 que el pr\u00f3ximo mi\u00e9rcoles 15 de abril se desarrollar\u00eda de manera virtual la Junta de Portavoces, con la finalidad de concordar la realizaci\u00f3n de un Pleno que tambi\u00e9n se efectuar\u00e1 de manera no presencial.<\/span><\/p>\n<p><span style=\"color: #000000;\">Refiri\u00f3 que los portavoces tendr\u00e1n que efectuar una labor articulada con sus respectivos grupos parlamentarios para adecuar el sistema actual y poder tener una votaci\u00f3n nominal que se refleje tras un debate.<\/span><\/p>\n","protected":false},"excerpt":{"rendered":"<p>Por primera vez en su historia, la Mesa Directiva del Congreso sesion\u00f3, en forma virtual, conducido por su presidente, Manuel Merino de Lama. Lima, 13 Abril 2020, (ANDINA).- Por primera vez en su historia, la Mesa Directiva del Congreso sesion\u00f3, en forma virtual, conducido por el presidente de este Poder del Estado, Manuel Merino de [&hellip;]<\/p>\n","protected":false},"author":1,"featured_media":68609,"comment_status":"open","ping_status":"open","sticky":false,"template":"","format":"standard","meta":{"rop_custom_images_group":[],"rop_custom_messages_group":[],"rop_publish_now":"initial","rop_publish_now_accounts":[],"rop_publish_now_history":[],"rop_publish_now_status":"pending","footnotes":""},"categories":[5],"tags":[192,5236,5364,5299],"class_list":["post-68608","post","type-post","status-publish","format-standard","has-post-thumbnail","hentry","category-actualidad-informativa","tag-congreso","tag-coronavirus","tag-covid-19","tag-manuel-merino-de-lama"],"_links":{"self":[{"href":"https:\/\/elinformanteperu.com\/index.php\/wp-json\/wp\/v2\/posts\/68608","targetHints":{"allow":["GET"]}}],"collection":[{"href":"https:\/\/elinformanteperu.com\/index.php\/wp-json\/wp\/v2\/posts"}],"about":[{"href":"https:\/\/elinformanteperu.com\/index.php\/wp-json\/wp\/v2\/types\/post"}],"author":[{"embeddable":true,"href":"https:\/\/elinformanteperu.com\/index.php\/wp-json\/wp\/v2\/users\/1"}],"replies":[{"embeddable":true,"href":"https:\/\/elinformanteperu.com\/index.php\/wp-json\/wp\/v2\/comments?post=68608"}],"version-history":[{"count":1,"href":"https:\/\/elinformanteperu.com\/index.php\/wp-json\/wp\/v2\/posts\/68608\/revisions"}],"predecessor-version":[{"id":68610,"href":"https:\/\/elinformanteperu.com\/index.php\/wp-json\/wp\/v2\/posts\/68608\/revisions\/68610"}],"wp:featuredmedia":[{"embeddable":true,"href":"https:\/\/elinformanteperu.com\/index.php\/wp-json\/wp\/v2\/media\/68609"}],"wp:attachment":[{"href":"https:\/\/elinformanteperu.com\/index.php\/wp-json\/wp\/v2\/media?parent=68608"}],"wp:term":[{"taxonomy":"category","embeddable":true,"href":"https:\/\/elinformanteperu.com\/index.php\/wp-json\/wp\/v2\/categories?post=68608"},{"taxonomy":"post_tag","embeddable":true,"href":"https:\/\/elinformanteperu.com\/index.php\/wp-json\/wp\/v2\/tags?post=68608"}],"curies":[{"name":"wp","href":"https:\/\/api.w.org\/{rel}","templated":true}]}}