{"id":67990,"date":"2020-04-06T10:39:33","date_gmt":"2020-04-06T15:39:33","guid":{"rendered":"http:\/\/elinformanteperu.com\/?p=67990"},"modified":"2020-04-06T10:39:33","modified_gmt":"2020-04-06T15:39:33","slug":"marvel-ficha-al-guionista-de-rick-and-morty-para-nueva-cinta-de-ant-man","status":"publish","type":"post","link":"https:\/\/elinformanteperu.com\/index.php\/2020\/04\/06\/marvel-ficha-al-guionista-de-rick-and-morty-para-nueva-cinta-de-ant-man\/","title":{"rendered":"Marvel ficha al guionista de \u00abRick and Morty\u00bb para nueva cinta de \u00abAnt-Man\u00bb"},"content":{"rendered":"<p><strong><span style=\"color: #000000;\">El guionista Jeff Loveness, uno de los creadores de la surrealista serie de dibujos animados \u00abRick and Morty\u00bb, ser\u00e1 el encargado de escribir la tercera pel\u00edcula de \u00abAnt-Man\u00bb.<\/span><\/strong><\/p>\n<p><span style=\"color: #000000;\"><strong>Los \u00c1ngeles, 06 Abril 2020, (ANDINA).-<\/strong> El guionista Jeff Loveness, uno de los creadores de la surrealista serie de dibujos animados \u00abRick and Morty\u00bb, ser\u00e1 el encargado de escribir la tercera pel\u00edcula de \u00abAnt-Man\u00bb para la franquicia de superh\u00e9roes Marvel.<\/span><\/p>\n<p><span style=\"color: #000000;\">Adem\u00e1s de ser responsable de la aclamada ficci\u00f3n animada de Cartoon Network, Loveness ha elaborado los guiones de ceremonias y eventos tan se\u00f1alados como la gala de los \u00d3scar, los premios Emmy e incluso la tradicional cena de corresponsales de la Casa Blanca, informaron este viernes medios de comunicaci\u00f3n especializados.<\/span><\/p>\n<p><span style=\"color: #000000;\">Por su parte, Marvel contar\u00e1 en su nueva pel\u00edcula con el director de las anteriores entregas, Peyton Reed, que dirigi\u00f3 \u00abAnt-Man\u00bb (2015) y \u00abAnt-Man and the Wasp\u00bb.<\/span><\/p>\n<p><span style=\"color: #000000;\">Tambi\u00e9n repetir\u00e1 en el papel protagonista el actor Paul Rudd, que volver\u00e1 a reunirse con Evangeline Lilly.<\/span><\/p>\n<p><span style=\"color: #000000;\">De acuerdo con The Hollywood Reporter, este contrato se cerr\u00f3 d\u00edas antes de que la industria cinematogr\u00e1fica se paralizase por completo a causa del coronavirus.<\/span><\/p>\n<p><span style=\"color: #000000;\">A\u00fan est\u00e1 por verse si los planes de esta cinta, que a\u00fan no ha entrado en fase de producci\u00f3n, se alteran por esta crisis sanitaria y econ\u00f3mica, ya que entregas de Marvel ya planificadas como \u00abBlack Widow\u00bb han tenido que posponerse.<\/span><\/p>\n<p><span style=\"color: #000000;\">La anterior entrega de este superh\u00e9roe, \u00abAnt-Man and the Wasp\u00bb, fue la pel\u00edcula numero 20 de Marvel Studios y recaud\u00f3 76 millones de d\u00f3lares en su estreno, un 33 % m\u00e1s que su predecesora estrenada en 2015.<\/span><\/p>\n<p><span style=\"color: #000000;\">\u00abAnt-Man and the Wasp\u00bb funcion\u00f3 como secuela de \u00abAnt-Man\u00bb y de \u00abCaptain America: Civil War\u00bb con una historia centrada en la misi\u00f3n por encontrar a Janet (Michelle Pfeiffer), la madre de Hope Van Dyne (Evangeline Lilly).<\/span><\/p>\n<p><span style=\"color: #000000;\">\u00abMe encanta representar a un tipo que tiene una serie de conflictos internos porque, por un lado, es algo reacio a ser un superh\u00e9roe, pero lo es y se va &#8216;por trabajo&#8217; de la ciudad. Y, por otro, lo que realmente quiere es ser un buen padre y estar en casa con su hija\u00bb, cont\u00f3 a Efe Rudd en una entrevista el pasado a\u00f1o por el estreno de \u00abAvengers: Endgame\u00bb.<\/span><\/p>\n<p><iframe title=\"Marvel Studios&#039; Ant-Man and the Wasp - Official Trailer #1\" width=\"615\" height=\"346\" src=\"https:\/\/www.youtube.com\/embed\/8_rTIAOohas?feature=oembed\" frameborder=\"0\" allow=\"accelerometer; autoplay; clipboard-write; encrypted-media; gyroscope; picture-in-picture; web-share\" referrerpolicy=\"strict-origin-when-cross-origin\" allowfullscreen><\/iframe><\/p>\n","protected":false},"excerpt":{"rendered":"<p>El guionista Jeff Loveness, uno de los creadores de la surrealista serie de dibujos animados \u00abRick and Morty\u00bb, ser\u00e1 el encargado de escribir la tercera pel\u00edcula de \u00abAnt-Man\u00bb. Los \u00c1ngeles, 06 Abril 2020, (ANDINA).- El guionista Jeff Loveness, uno de los creadores de la surrealista serie de dibujos animados \u00abRick and Morty\u00bb, ser\u00e1 el encargado [&hellip;]<\/p>\n","protected":false},"author":1,"featured_media":67991,"comment_status":"open","ping_status":"open","sticky":false,"template":"","format":"standard","meta":{"rop_custom_images_group":[],"rop_custom_messages_group":[],"rop_publish_now":"initial","rop_publish_now_accounts":[],"rop_publish_now_history":[],"rop_publish_now_status":"pending","footnotes":""},"categories":[7],"tags":[5430,3090,242],"class_list":["post-67990","post","type-post","status-publish","format-standard","has-post-thumbnail","hentry","category-butaca","tag-ant-man","tag-ant-man-and-the-wasp","tag-marvel"],"_links":{"self":[{"href":"https:\/\/elinformanteperu.com\/index.php\/wp-json\/wp\/v2\/posts\/67990","targetHints":{"allow":["GET"]}}],"collection":[{"href":"https:\/\/elinformanteperu.com\/index.php\/wp-json\/wp\/v2\/posts"}],"about":[{"href":"https:\/\/elinformanteperu.com\/index.php\/wp-json\/wp\/v2\/types\/post"}],"author":[{"embeddable":true,"href":"https:\/\/elinformanteperu.com\/index.php\/wp-json\/wp\/v2\/users\/1"}],"replies":[{"embeddable":true,"href":"https:\/\/elinformanteperu.com\/index.php\/wp-json\/wp\/v2\/comments?post=67990"}],"version-history":[{"count":1,"href":"https:\/\/elinformanteperu.com\/index.php\/wp-json\/wp\/v2\/posts\/67990\/revisions"}],"predecessor-version":[{"id":67992,"href":"https:\/\/elinformanteperu.com\/index.php\/wp-json\/wp\/v2\/posts\/67990\/revisions\/67992"}],"wp:featuredmedia":[{"embeddable":true,"href":"https:\/\/elinformanteperu.com\/index.php\/wp-json\/wp\/v2\/media\/67991"}],"wp:attachment":[{"href":"https:\/\/elinformanteperu.com\/index.php\/wp-json\/wp\/v2\/media?parent=67990"}],"wp:term":[{"taxonomy":"category","embeddable":true,"href":"https:\/\/elinformanteperu.com\/index.php\/wp-json\/wp\/v2\/categories?post=67990"},{"taxonomy":"post_tag","embeddable":true,"href":"https:\/\/elinformanteperu.com\/index.php\/wp-json\/wp\/v2\/tags?post=67990"}],"curies":[{"name":"wp","href":"https:\/\/api.w.org\/{rel}","templated":true}]}}