{"id":6797,"date":"2017-02-25T14:04:30","date_gmt":"2017-02-25T19:04:30","guid":{"rendered":"http:\/\/elinformanteperu.com\/?p=6797"},"modified":"2017-02-25T14:04:30","modified_gmt":"2017-02-25T19:04:30","slug":"banco-de-la-nacion-amplia-horario-los-dias-de-mayor-afluencia-de-publico","status":"publish","type":"post","link":"https:\/\/elinformanteperu.com\/index.php\/2017\/02\/25\/banco-de-la-nacion-amplia-horario-los-dias-de-mayor-afluencia-de-publico\/","title":{"rendered":"Banco de la Naci\u00f3n ampl\u00eda horario los d\u00edas de mayor afluencia de p\u00fablico"},"content":{"rendered":"<p><strong>El Banco de la Naci\u00f3n (BN) ampl\u00eda el horario de atenci\u00f3n los d\u00edas de mayor afluencia de p\u00fablico en sus agencias a nivel nacional.<\/strong><\/p>\n<p><strong>Lima, 25 Febrero 2017, (ANDINA).-<\/strong> El Banco de la Naci\u00f3n (BN) ampl\u00eda el horario de atenci\u00f3n los d\u00edas de mayor afluencia de p\u00fablico en sus agencias a nivel nacional, iniciando sus operaciones desde las 7:00 horas, inform\u00f3 el banco estatal.<\/p>\n<p>\u00abDurante los d\u00edas de mayor afluencia de p\u00fablico, que son los de abono a las cuentas de pensionistas, beneficiarios de programas sociales, fonavistas y trabajadores p\u00fablicos (remuneraciones), iniciamos la atenci\u00f3n m\u00e1s temprano\u00bb, se\u00f1ala el BN.<\/p>\n<p>Por ello, exclusivamente en estas fechas han ampliado sus horarios en las oficinas con mayor afluencia de p\u00fablico, donde ya iniciaron atenci\u00f3n desde las 7:00 horas.<\/p>\n<p>El banco anuncia que a partir del 1 de marzo, culminando el proceso de adecuaci\u00f3n de horarios por zona geogr\u00e1fica iniciado en el 2014, se realizar\u00e1 el cambio de horario en las \u00faltimas 102 oficinas.<\/p>\n<p>Estas atender\u00e1n desde las 8:30 hasta las 17:30 horas, modificaci\u00f3n que no perjudicar\u00e1 a nuestro p\u00fablico usuario y obedece al diagn\u00f3stico realizado con el que se comprob\u00f3 que de 8:00 a 8:30 horas la afluencia en agencias es mucho menor.<\/p>\n","protected":false},"excerpt":{"rendered":"<p>El Banco de la Naci\u00f3n (BN) ampl\u00eda el horario de atenci\u00f3n los d\u00edas de mayor afluencia de p\u00fablico en sus agencias a nivel nacional. Lima, 25 Febrero 2017, (ANDINA).- El Banco de la Naci\u00f3n (BN) ampl\u00eda el horario de atenci\u00f3n los d\u00edas de mayor afluencia de p\u00fablico en sus agencias a nivel nacional, iniciando sus [&hellip;]<\/p>\n","protected":false},"author":1,"featured_media":6798,"comment_status":"open","ping_status":"open","sticky":false,"template":"","format":"standard","meta":{"rop_custom_images_group":[],"rop_custom_messages_group":[],"rop_publish_now":"initial","rop_publish_now_accounts":[],"rop_publish_now_history":[],"rop_publish_now_status":"pending","footnotes":""},"categories":[10],"tags":[1156],"class_list":["post-6797","post","type-post","status-publish","format-standard","has-post-thumbnail","hentry","category-actualidad-municipal","tag-banco-de-la-nacion"],"_links":{"self":[{"href":"https:\/\/elinformanteperu.com\/index.php\/wp-json\/wp\/v2\/posts\/6797","targetHints":{"allow":["GET"]}}],"collection":[{"href":"https:\/\/elinformanteperu.com\/index.php\/wp-json\/wp\/v2\/posts"}],"about":[{"href":"https:\/\/elinformanteperu.com\/index.php\/wp-json\/wp\/v2\/types\/post"}],"author":[{"embeddable":true,"href":"https:\/\/elinformanteperu.com\/index.php\/wp-json\/wp\/v2\/users\/1"}],"replies":[{"embeddable":true,"href":"https:\/\/elinformanteperu.com\/index.php\/wp-json\/wp\/v2\/comments?post=6797"}],"version-history":[{"count":1,"href":"https:\/\/elinformanteperu.com\/index.php\/wp-json\/wp\/v2\/posts\/6797\/revisions"}],"predecessor-version":[{"id":6799,"href":"https:\/\/elinformanteperu.com\/index.php\/wp-json\/wp\/v2\/posts\/6797\/revisions\/6799"}],"wp:featuredmedia":[{"embeddable":true,"href":"https:\/\/elinformanteperu.com\/index.php\/wp-json\/wp\/v2\/media\/6798"}],"wp:attachment":[{"href":"https:\/\/elinformanteperu.com\/index.php\/wp-json\/wp\/v2\/media?parent=6797"}],"wp:term":[{"taxonomy":"category","embeddable":true,"href":"https:\/\/elinformanteperu.com\/index.php\/wp-json\/wp\/v2\/categories?post=6797"},{"taxonomy":"post_tag","embeddable":true,"href":"https:\/\/elinformanteperu.com\/index.php\/wp-json\/wp\/v2\/tags?post=6797"}],"curies":[{"name":"wp","href":"https:\/\/api.w.org\/{rel}","templated":true}]}}