{"id":6793,"date":"2017-02-25T13:54:09","date_gmt":"2017-02-25T18:54:09","guid":{"rendered":"http:\/\/elinformanteperu.com\/?p=6793"},"modified":"2017-02-25T13:54:09","modified_gmt":"2017-02-25T18:54:09","slug":"peru-busca-albergar-la-partida-del-dakar-2018","status":"publish","type":"post","link":"https:\/\/elinformanteperu.com\/index.php\/2017\/02\/25\/peru-busca-albergar-la-partida-del-dakar-2018\/","title":{"rendered":"Per\u00fa busca albergar la partida del Dakar 2018"},"content":{"rendered":"<p><strong>El Gobierno de Per\u00fa se reunir\u00e1 en los pr\u00f3ximos d\u00edas con los organizadores del Dakar para solicitar la organizaci\u00f3n de la salida de la carrera en su edici\u00f3n del 2018.<\/strong><\/p>\n<p><strong>Lima, 24 Febrero 2017, (ANDINA).-<\/strong> El Gobierno de Per\u00fa se reunir\u00e1 en los pr\u00f3ximos d\u00edas con los organizadores del Dakar para solicitar la organizaci\u00f3n de la salida de la carrera en su edici\u00f3n del 2018, anunci\u00f3 el ministro peruano de Comercio Exterior y Turismo, Eduardo Ferreyros.<\/p>\n<p>Ferreyros explic\u00f3 en una reuni\u00f3n con la Asociaci\u00f3n de Prensa Extranjera en el Per\u00fa (APEP) que el objetivo del Ejecutivo es tener la partida del \u00abrally\u00bb, porque ser el escenario de las primeras etapas puede generar alrededor de 550 millones de d\u00f3lares en distintos sectores de la econom\u00eda local.<\/p>\n<p>El ministro garantiz\u00f3 que el recorrido del Dakar por el territorio peruano no atravesar\u00e1 ninguna \u00e1rea protegida como las famosas L\u00edneas de Nasca, pero la \u00abprincipal preocupaci\u00f3n son los espectadores que se mueven siguiendo a los competidores\u00bb.<\/p>\n<p>\u00abEl Ministerio de Cultura ya tiene las \u00e1reas intangibles perfectamente definidas, a fin de que podamos tener un &#8216;rally&#8217; limpio y exitoso\u00bb, afirm\u00f3 Ferreyros.<\/p>\n<p>Coment\u00f3 que distintos representantes del Estado peruano ya se reunieron para conversar de qu\u00e9 manera organizar\u00e1n una carrera ordenada, sin afectaci\u00f3n para el patrimonio cultural del Per\u00fa.<\/p>\n<p>Per\u00fa acogi\u00f3 la meta del Dakar el 2012 y la partida el 2013, y cancel\u00f3 la salida del \u00abraid\u00bb el 2016, ante los pron\u00f3sticos de las fuertes inundaciones que pod\u00eda causar el fen\u00f3meno clim\u00e1tico de El Ni\u00f1o, lo que oblig\u00f3 a los organizadores a modificar la ruta y restringirla solo a Argentina y Bolivia.<\/p>\n<p>El paso del Dakar por Per\u00fa suscit\u00f3 anteriormente fuertes cr\u00edticas al supuestamente haber da\u00f1ado unos geoglifos centenarios dibujados en el desierto de la costa sur peruana, cercanos a las famosas L\u00edneas de Nasca.<\/p>\n<p>Durante la \u00faltima edici\u00f3n del \u00abrally\u00bb, el director de la competencia, Etienne Lavigne, dijo que \u00absue\u00f1a\u00bb con un Dakar que atraviese Argentina, Chile, Per\u00fa, Ecuador y Colombia, que se llamar\u00eda \u00abDakar Pac\u00edfico\u00bb.<\/p>\n<p><img fetchpriority=\"high\" decoding=\"async\" class=\"size-full wp-image-6795 aligncenter\" src=\"http:\/\/elinformanteperu.com\/wp-content\/uploads\/2017\/02\/dakar1.jpg\" alt=\"\" width=\"611\" height=\"458\" srcset=\"https:\/\/elinformanteperu.com\/wp-content\/uploads\/2017\/02\/dakar1.jpg 611w, https:\/\/elinformanteperu.com\/wp-content\/uploads\/2017\/02\/dakar1-300x225.jpg 300w, https:\/\/elinformanteperu.com\/wp-content\/uploads\/2017\/02\/dakar1-128x96.jpg 128w, https:\/\/elinformanteperu.com\/wp-content\/uploads\/2017\/02\/dakar1-32x24.jpg 32w\" sizes=\"(max-width: 611px) 100vw, 611px\" \/><\/p>\n","protected":false},"excerpt":{"rendered":"<p>El Gobierno de Per\u00fa se reunir\u00e1 en los pr\u00f3ximos d\u00edas con los organizadores del Dakar para solicitar la organizaci\u00f3n de la salida de la carrera en su edici\u00f3n del 2018. Lima, 24 Febrero 2017, (ANDINA).- El Gobierno de Per\u00fa se reunir\u00e1 en los pr\u00f3ximos d\u00edas con los organizadores del Dakar para solicitar la organizaci\u00f3n de [&hellip;]<\/p>\n","protected":false},"author":1,"featured_media":6794,"comment_status":"open","ping_status":"open","sticky":false,"template":"","format":"standard","meta":{"rop_custom_images_group":[],"rop_custom_messages_group":[],"rop_publish_now":"initial","rop_publish_now_accounts":[],"rop_publish_now_history":[],"rop_publish_now_status":"pending","footnotes":""},"categories":[8],"tags":[692],"class_list":["post-6793","post","type-post","status-publish","format-standard","has-post-thumbnail","hentry","category-disciplinas-deportivas","tag-dakar-2017"],"_links":{"self":[{"href":"https:\/\/elinformanteperu.com\/index.php\/wp-json\/wp\/v2\/posts\/6793","targetHints":{"allow":["GET"]}}],"collection":[{"href":"https:\/\/elinformanteperu.com\/index.php\/wp-json\/wp\/v2\/posts"}],"about":[{"href":"https:\/\/elinformanteperu.com\/index.php\/wp-json\/wp\/v2\/types\/post"}],"author":[{"embeddable":true,"href":"https:\/\/elinformanteperu.com\/index.php\/wp-json\/wp\/v2\/users\/1"}],"replies":[{"embeddable":true,"href":"https:\/\/elinformanteperu.com\/index.php\/wp-json\/wp\/v2\/comments?post=6793"}],"version-history":[{"count":1,"href":"https:\/\/elinformanteperu.com\/index.php\/wp-json\/wp\/v2\/posts\/6793\/revisions"}],"predecessor-version":[{"id":6796,"href":"https:\/\/elinformanteperu.com\/index.php\/wp-json\/wp\/v2\/posts\/6793\/revisions\/6796"}],"wp:featuredmedia":[{"embeddable":true,"href":"https:\/\/elinformanteperu.com\/index.php\/wp-json\/wp\/v2\/media\/6794"}],"wp:attachment":[{"href":"https:\/\/elinformanteperu.com\/index.php\/wp-json\/wp\/v2\/media?parent=6793"}],"wp:term":[{"taxonomy":"category","embeddable":true,"href":"https:\/\/elinformanteperu.com\/index.php\/wp-json\/wp\/v2\/categories?post=6793"},{"taxonomy":"post_tag","embeddable":true,"href":"https:\/\/elinformanteperu.com\/index.php\/wp-json\/wp\/v2\/tags?post=6793"}],"curies":[{"name":"wp","href":"https:\/\/api.w.org\/{rel}","templated":true}]}}