{"id":67923,"date":"2020-04-05T00:51:41","date_gmt":"2020-04-05T05:51:41","guid":{"rendered":"http:\/\/elinformanteperu.com\/?p=67923"},"modified":"2020-04-05T00:51:41","modified_gmt":"2020-04-05T05:51:41","slug":"minjus-revelar-datos-de-pacientes-con-covid-19-se-multara-hasta-con-215000-soles","status":"publish","type":"post","link":"https:\/\/elinformanteperu.com\/index.php\/2020\/04\/05\/minjus-revelar-datos-de-pacientes-con-covid-19-se-multara-hasta-con-215000-soles\/","title":{"rendered":"Minjus: revelar datos de pacientes con covid-19 se multar\u00e1 hasta con 215,000 soles"},"content":{"rendered":"<p><strong><span style=\"color: #000000;\">El ministro de Justicia, Fernando Casta\u00f1eda, advirti\u00f3 que difundir datos personales de las personas diagnosticadas con covid-19, sin el consentimiento expreso de ellas, ser\u00e1 sancionado.<\/span><\/strong><\/p>\n<p><span style=\"color: #000000;\"><strong>Lima, 04 Abril 2020, (ANDINA).-<\/strong> El ministro de Justicia y Derechos Humanos, Fernando Casta\u00f1eda Portocarrero, advirti\u00f3 que difundir datos personales de las personas diagnosticadas con covid-19, sin el consentimiento expreso de ellas, se sancionar\u00e1 y multar\u00e1 hasta con 215,000 soles.<\/span><\/p>\n<p><span style=\"color: #000000;\">\u00abNo se pueden revelar los nombres, fotos, direcciones o historiales cl\u00ednicos de los pacientes, sin su consentimiento, porque se vulnera la esfera m\u00e1s \u00edntima de la persona. La difusi\u00f3n de esta informaci\u00f3n puede generar discriminaci\u00f3n y estigma\u00bb, se\u00f1al\u00f3.<\/span><\/p>\n<p><span style=\"color: #000000;\">Ante esta situaci\u00f3n, Casta\u00f1eda Portocarrero recomend\u00f3 que los establecimientos de salud implementen medidas de seguridad para que los datos de los pacientes no lleguen a personas no autorizadas. Enfatiz\u00f3 que la \u00fanica instituci\u00f3n oficial autorizada a brindar informaci\u00f3n sobre los casos confirmados es el Ministerio de Salud.<\/span><\/p>\n<p><span style=\"color: #000000;\">\u00abAl tratarse de datos de salud, el consentimiento del paciente debe darse por escrito. Omitir este proceso constituye una infracci\u00f3n grave a la Ley de Protecci\u00f3n de Datos Personales y se sanciona con una multa que va de los 21,500 a los 215,000 soles\u00bb, puntualiz\u00f3.<\/span><\/p>\n<p><span style=\"color: #000000;\">Refiri\u00f3, asimismo, que si los datos se publican en internet la persona afectada puede solicitar su retiro a trav\u00e9s de un mensaje o correo electr\u00f3nico a los titulares de la cuenta. En caso de no obtener respuesta en un plazo de 10 d\u00edas corresponder\u00e1 presentar un reclamo formal.<\/span><\/p>\n<p><span style=\"color: #000000;\">Indic\u00f3 que las y los pacientes que hayan visto vulnerada su privacidad pueden acudir a la Autoridad Nacional de Protecci\u00f3n de Datos Personales del Ministerio de Justicia, a trav\u00e9s del correo protegetusdatos@minjus.gob.pe<\/span><\/p>\n<p><span style=\"color: #000000;\">\u00abLas y los pacientes que cumplen responsablemente su aislamiento y consideran que su intimidad est\u00e1 siendo vulnerada tienen en el Minjusdh a una entidad que har\u00e1 respetar sus derechos\u00bb, afirm\u00f3 el ministro.<\/span><\/p>\n<p><span style=\"color: #000000;\">Anot\u00f3 que en el caso de las personas fallecidas cuya identidad es revelada, as\u00ed como las razones de su fallecimiento, se viola el derecho a la imagen y a la intimidad de la vida familiar, por lo que sus allegados pueden presentar denuncia por da\u00f1o familiar y afectaci\u00f3n de la imagen.<\/span><\/p>\n","protected":false},"excerpt":{"rendered":"<p>El ministro de Justicia, Fernando Casta\u00f1eda, advirti\u00f3 que difundir datos personales de las personas diagnosticadas con covid-19, sin el consentimiento expreso de ellas, ser\u00e1 sancionado. Lima, 04 Abril 2020, (ANDINA).- El ministro de Justicia y Derechos Humanos, Fernando Casta\u00f1eda Portocarrero, advirti\u00f3 que difundir datos personales de las personas diagnosticadas con covid-19, sin el consentimiento expreso [&hellip;]<\/p>\n","protected":false},"author":1,"featured_media":67924,"comment_status":"open","ping_status":"open","sticky":false,"template":"","format":"standard","meta":{"rop_custom_images_group":[],"rop_custom_messages_group":[],"rop_publish_now":"initial","rop_publish_now_accounts":[],"rop_publish_now_history":[],"rop_publish_now_status":"pending","footnotes":""},"categories":[5],"tags":[5236,5364,5310,166,2396],"class_list":["post-67923","post","type-post","status-publish","format-standard","has-post-thumbnail","hentry","category-actualidad-informativa","tag-coronavirus","tag-covid-19","tag-fernando-castaneda","tag-ministerio-de-justicia","tag-minjus"],"_links":{"self":[{"href":"https:\/\/elinformanteperu.com\/index.php\/wp-json\/wp\/v2\/posts\/67923","targetHints":{"allow":["GET"]}}],"collection":[{"href":"https:\/\/elinformanteperu.com\/index.php\/wp-json\/wp\/v2\/posts"}],"about":[{"href":"https:\/\/elinformanteperu.com\/index.php\/wp-json\/wp\/v2\/types\/post"}],"author":[{"embeddable":true,"href":"https:\/\/elinformanteperu.com\/index.php\/wp-json\/wp\/v2\/users\/1"}],"replies":[{"embeddable":true,"href":"https:\/\/elinformanteperu.com\/index.php\/wp-json\/wp\/v2\/comments?post=67923"}],"version-history":[{"count":1,"href":"https:\/\/elinformanteperu.com\/index.php\/wp-json\/wp\/v2\/posts\/67923\/revisions"}],"predecessor-version":[{"id":67925,"href":"https:\/\/elinformanteperu.com\/index.php\/wp-json\/wp\/v2\/posts\/67923\/revisions\/67925"}],"wp:featuredmedia":[{"embeddable":true,"href":"https:\/\/elinformanteperu.com\/index.php\/wp-json\/wp\/v2\/media\/67924"}],"wp:attachment":[{"href":"https:\/\/elinformanteperu.com\/index.php\/wp-json\/wp\/v2\/media?parent=67923"}],"wp:term":[{"taxonomy":"category","embeddable":true,"href":"https:\/\/elinformanteperu.com\/index.php\/wp-json\/wp\/v2\/categories?post=67923"},{"taxonomy":"post_tag","embeddable":true,"href":"https:\/\/elinformanteperu.com\/index.php\/wp-json\/wp\/v2\/tags?post=67923"}],"curies":[{"name":"wp","href":"https:\/\/api.w.org\/{rel}","templated":true}]}}