{"id":67921,"date":"2020-04-05T00:39:55","date_gmt":"2020-04-05T05:39:55","guid":{"rendered":"http:\/\/elinformanteperu.com\/?p=67921"},"modified":"2020-04-05T00:39:55","modified_gmt":"2020-04-05T05:39:55","slug":"cepal-peru-ha-tomado-medidas-ineditas-en-la-region-contra-impacto-del-coronavirus","status":"publish","type":"post","link":"https:\/\/elinformanteperu.com\/index.php\/2020\/04\/05\/cepal-peru-ha-tomado-medidas-ineditas-en-la-region-contra-impacto-del-coronavirus\/","title":{"rendered":"Cepal: Per\u00fa ha tomado medidas in\u00e9ditas en la regi\u00f3n contra impacto del coronavirus"},"content":{"rendered":"<p><strong><span style=\"color: #000000;\">Per\u00fa est\u00e1 tomando medidas in\u00e9ditas para enfrentar el impacto del coronavirus covid-19, destac\u00f3 la secretaria ejecutiva de la Cepal, Alicia B\u00e1rcena.<\/span><\/strong><\/p>\n<p><span style=\"color: #000000;\"><strong>Lima, 04 Abril 2020, (ANDINA).-<\/strong> Per\u00fa est\u00e1 tomando medidas in\u00e9ditas para enfrentar el impacto del coronavirus covid-19, destac\u00f3 la secretaria ejecutiva de la Comisi\u00f3n Econ\u00f3mica para Am\u00e9rica Latina y el Caribe (Cepal), Alicia B\u00e1rcena.<\/span><\/p>\n<p><span style=\"color: #000000;\">\u00abLa Cepal ve con muy buenos ojos y muy positivamente lo que Per\u00fa est\u00e1 haciendo, el gobierno del presidente Mart\u00edn Vizcarra ha puesto sobre la mesa un paquete fiscal de gran envergadura: 12 % del PBI, una cosa nunca vista en la historia de Per\u00fa y de Am\u00e9rica Latina\u00bb, se\u00f1al\u00f3 en Radio Nacional.<\/span><\/p>\n<p><span style=\"color: #000000;\">Resalt\u00f3, en ese sentido, el bono de 380 soles para tres millones y medio de familias en situaci\u00f3n vulnerable, el cual se duplicar\u00e1 en abril. \u00abEso nos parece extraordinario\u00bb, enfatiz\u00f3.<\/span><\/p>\n<p><span style=\"color: #000000;\">De igual forma salud\u00f3 la disponibilidad de hasta 2,000 soles de los fondos de los trabajadores formales que no han aportado a sus AFP en los \u00faltimos seis meses.<\/span><\/p>\n<p><span style=\"color: #000000;\">\u00abEso tambi\u00e9n nos parece in\u00e9dito y creo que otros pa\u00edses est\u00e1n mirando con mucho cuidado lo que Per\u00fa hace, porque ac\u00e1 en Chile est\u00e1n pidiendo eso\u00bb, subray\u00f3 B\u00e1rcena.<\/span><\/p>\n<p><span style=\"color: #000000;\">Respecto al retiro de 2,400 soles de las cuentas de CTS, sostuvo que esto puede lograr poner en los bolsillos de los trabajadores hasta 4,400 millones de soles, una medida que permitir\u00e1 darles liquidez.<\/span><\/p>\n<p><span style=\"color: #000000;\">\u00abUna tercera medida extraordinaria es la l\u00ednea de cr\u00e9dito para las empresas. En esta crisis lo que se est\u00e1 buscando es proteger el ingreso de las familias vulnerables y de las empresas, para que no tengan que sacar a empleados de sus planillas\u00bb, apunt\u00f3.<\/span><\/p>\n<p><span style=\"color: #000000;\">Dijo, asimismo, que el plan de reactivaci\u00f3n econ\u00f3mica del Gobierno peruano es muy interesante, frente a la disminuci\u00f3n en las proyecciones de crecimiento debido a la pandemia.<\/span><\/p>\n","protected":false},"excerpt":{"rendered":"<p>Per\u00fa est\u00e1 tomando medidas in\u00e9ditas para enfrentar el impacto del coronavirus covid-19, destac\u00f3 la secretaria ejecutiva de la Cepal, Alicia B\u00e1rcena. Lima, 04 Abril 2020, (ANDINA).- Per\u00fa est\u00e1 tomando medidas in\u00e9ditas para enfrentar el impacto del coronavirus covid-19, destac\u00f3 la secretaria ejecutiva de la Comisi\u00f3n Econ\u00f3mica para Am\u00e9rica Latina y el Caribe (Cepal), Alicia B\u00e1rcena. [&hellip;]<\/p>\n","protected":false},"author":1,"featured_media":66500,"comment_status":"open","ping_status":"open","sticky":false,"template":"","format":"standard","meta":{"rop_custom_images_group":[],"rop_custom_messages_group":[],"rop_publish_now":"initial","rop_publish_now_accounts":[],"rop_publish_now_history":[],"rop_publish_now_status":"pending","footnotes":""},"categories":[5],"tags":[4773,5236,5364,1421],"class_list":["post-67921","post","type-post","status-publish","format-standard","has-post-thumbnail","hentry","category-actualidad-informativa","tag-cepal","tag-coronavirus","tag-covid-19","tag-poder-ejecutivo"],"_links":{"self":[{"href":"https:\/\/elinformanteperu.com\/index.php\/wp-json\/wp\/v2\/posts\/67921","targetHints":{"allow":["GET"]}}],"collection":[{"href":"https:\/\/elinformanteperu.com\/index.php\/wp-json\/wp\/v2\/posts"}],"about":[{"href":"https:\/\/elinformanteperu.com\/index.php\/wp-json\/wp\/v2\/types\/post"}],"author":[{"embeddable":true,"href":"https:\/\/elinformanteperu.com\/index.php\/wp-json\/wp\/v2\/users\/1"}],"replies":[{"embeddable":true,"href":"https:\/\/elinformanteperu.com\/index.php\/wp-json\/wp\/v2\/comments?post=67921"}],"version-history":[{"count":1,"href":"https:\/\/elinformanteperu.com\/index.php\/wp-json\/wp\/v2\/posts\/67921\/revisions"}],"predecessor-version":[{"id":67922,"href":"https:\/\/elinformanteperu.com\/index.php\/wp-json\/wp\/v2\/posts\/67921\/revisions\/67922"}],"wp:featuredmedia":[{"embeddable":true,"href":"https:\/\/elinformanteperu.com\/index.php\/wp-json\/wp\/v2\/media\/66500"}],"wp:attachment":[{"href":"https:\/\/elinformanteperu.com\/index.php\/wp-json\/wp\/v2\/media?parent=67921"}],"wp:term":[{"taxonomy":"category","embeddable":true,"href":"https:\/\/elinformanteperu.com\/index.php\/wp-json\/wp\/v2\/categories?post=67921"},{"taxonomy":"post_tag","embeddable":true,"href":"https:\/\/elinformanteperu.com\/index.php\/wp-json\/wp\/v2\/tags?post=67921"}],"curies":[{"name":"wp","href":"https:\/\/api.w.org\/{rel}","templated":true}]}}