{"id":67914,"date":"2020-04-05T00:27:58","date_gmt":"2020-04-05T05:27:58","guid":{"rendered":"http:\/\/elinformanteperu.com\/?p=67914"},"modified":"2020-04-05T00:27:58","modified_gmt":"2020-04-05T05:27:58","slug":"coronavirus-esto-anuncio-el-gobierno-en-el-dia-20-de-la-emergencia","status":"publish","type":"post","link":"https:\/\/elinformanteperu.com\/index.php\/2020\/04\/05\/coronavirus-esto-anuncio-el-gobierno-en-el-dia-20-de-la-emergencia\/","title":{"rendered":"Coronavirus: esto anunci\u00f3 el Gobierno en el d\u00eda 20 de la emergencia"},"content":{"rendered":"<p><strong><span style=\"color: #000000;\">El presidente Mart\u00edn Vizcarra brind\u00f3 un pronunciamiento con las medidas adoptadas por el Gobierno al d\u00eda 20 de la emergencia.\u00a0<\/span><\/strong><\/p>\n<p><span style=\"color: #000000;\"><strong>Lima, 04 Abril 2020, (ANDINA).-<\/strong> El presidente Mart\u00edn Vizcarra brind\u00f3 un pronunciamiento con las medidas adoptadas por el Gobierno al d\u00eda 20 de la emergencia. Estos son los principales anuncios.<\/span><\/p>\n<p><span style=\"color: #000000;\"><strong>1.<\/strong> Gracias a una iniciativa nacional, fruto del esfuerzo de las Fuerzas Armadas, la academia cient\u00edfica, la universidad y empresas privadas, el Per\u00fa ha desarrollado un ventilador mec\u00e1nico que se incorporar\u00e1 para la atenci\u00f3n de los casos cr\u00edticos de coronavirus. En los pr\u00f3ximos d\u00edas, se producir\u00e1n diez de estos instrumentos m\u00e9dicos.<\/span><\/p>\n<p><span style=\"color: #000000;\"><strong>2.<\/strong> Los hospitales de contingencia instalados en los nosocomios de la Marina de Guerra en el Callao, Piura y Loreto, atender\u00e1n de manera permanente a los pacientes graves que requieran cuidados intensivos.<\/span><\/p>\n<p><span style=\"color: #000000;\"><strong>3.<\/strong> Se public\u00f3 el decreto de urgencia que dispone el empleo de los respiradores mec\u00e1nicos adquiridos para diversos proyectos hospitalarios pero que se manten\u00edan en los almacenes y no pod\u00edan utilizarse por motivos normativos.<\/span><\/p>\n<p><span style=\"color: #000000;\"><strong>4.<\/strong> Decreto supremo publicado que autoriza una bonificaci\u00f3n extraordinaria para todo el personal de salud, como una contribuci\u00f3n adicional por estar en la primera l\u00ednea de combate contra esta enfermedad.<\/span><\/p>\n<p><span style=\"color: #000000;\"><strong>5.<\/strong> Desde la pr\u00f3xima semana llegar\u00e1n al pa\u00eds los primeros lotes de las pruebas r\u00e1pidas y moleculares que se emplear\u00e1n para incrementar el n\u00famero de tests diarios que se realizar\u00e1n, lo que permitir\u00e1 tener una muestra m\u00e1s amplia de la enfermedad.<\/span><\/p>\n<p><span style=\"color: #000000;\"><strong>6.<\/strong> No se permitir\u00e1 que las Fuerzas Armadas ni la Polic\u00eda cometan ning\u00fan acto de discriminaci\u00f3n.<\/span><\/p>\n<p><span style=\"color: #000000;\"><strong>7.<\/strong> Hasta el momento se reportan 1746 casos positivos de coronavirus en el pa\u00eds. De ellos, 285 est\u00e1n hospitalizados, 88 en unidades de cuidados intensivos.<\/span><\/p>\n<p><span style=\"color: #000000;\"><strong>8.<\/strong> Un total de 914 personas han sido dadas de alta por superar la enfermedad.<\/span><\/p>\n","protected":false},"excerpt":{"rendered":"<p>El presidente Mart\u00edn Vizcarra brind\u00f3 un pronunciamiento con las medidas adoptadas por el Gobierno al d\u00eda 20 de la emergencia.\u00a0 Lima, 04 Abril 2020, (ANDINA).- El presidente Mart\u00edn Vizcarra brind\u00f3 un pronunciamiento con las medidas adoptadas por el Gobierno al d\u00eda 20 de la emergencia. Estos son los principales anuncios. 1. Gracias a una iniciativa [&hellip;]<\/p>\n","protected":false},"author":1,"featured_media":67915,"comment_status":"open","ping_status":"open","sticky":false,"template":"","format":"standard","meta":{"rop_custom_images_group":[],"rop_custom_messages_group":[],"rop_publish_now":"initial","rop_publish_now_accounts":[],"rop_publish_now_history":[],"rop_publish_now_status":"pending","footnotes":""},"categories":[5],"tags":[5236,5364,289],"class_list":["post-67914","post","type-post","status-publish","format-standard","has-post-thumbnail","hentry","category-actualidad-informativa","tag-coronavirus","tag-covid-19","tag-martin-vizcarra"],"_links":{"self":[{"href":"https:\/\/elinformanteperu.com\/index.php\/wp-json\/wp\/v2\/posts\/67914","targetHints":{"allow":["GET"]}}],"collection":[{"href":"https:\/\/elinformanteperu.com\/index.php\/wp-json\/wp\/v2\/posts"}],"about":[{"href":"https:\/\/elinformanteperu.com\/index.php\/wp-json\/wp\/v2\/types\/post"}],"author":[{"embeddable":true,"href":"https:\/\/elinformanteperu.com\/index.php\/wp-json\/wp\/v2\/users\/1"}],"replies":[{"embeddable":true,"href":"https:\/\/elinformanteperu.com\/index.php\/wp-json\/wp\/v2\/comments?post=67914"}],"version-history":[{"count":1,"href":"https:\/\/elinformanteperu.com\/index.php\/wp-json\/wp\/v2\/posts\/67914\/revisions"}],"predecessor-version":[{"id":67916,"href":"https:\/\/elinformanteperu.com\/index.php\/wp-json\/wp\/v2\/posts\/67914\/revisions\/67916"}],"wp:featuredmedia":[{"embeddable":true,"href":"https:\/\/elinformanteperu.com\/index.php\/wp-json\/wp\/v2\/media\/67915"}],"wp:attachment":[{"href":"https:\/\/elinformanteperu.com\/index.php\/wp-json\/wp\/v2\/media?parent=67914"}],"wp:term":[{"taxonomy":"category","embeddable":true,"href":"https:\/\/elinformanteperu.com\/index.php\/wp-json\/wp\/v2\/categories?post=67914"},{"taxonomy":"post_tag","embeddable":true,"href":"https:\/\/elinformanteperu.com\/index.php\/wp-json\/wp\/v2\/tags?post=67914"}],"curies":[{"name":"wp","href":"https:\/\/api.w.org\/{rel}","templated":true}]}}