{"id":67911,"date":"2020-04-05T00:22:45","date_gmt":"2020-04-05T05:22:45","guid":{"rendered":"http:\/\/elinformanteperu.com\/?p=67911"},"modified":"2020-04-05T00:22:45","modified_gmt":"2020-04-05T05:22:45","slug":"coronavirus-pacientes-del-callao-seran-atendidos-por-la-marina","status":"publish","type":"post","link":"https:\/\/elinformanteperu.com\/index.php\/2020\/04\/05\/coronavirus-pacientes-del-callao-seran-atendidos-por-la-marina\/","title":{"rendered":"Coronavirus: pacientes del Callao ser\u00e1n atendidos por la Marina"},"content":{"rendered":"<p><strong><span style=\"color: #000000;\">El presidente Mart\u00edn Vizcarra anunci\u00f3 que el Centro M\u00e9dico Naval de la Marina de Guerra atender\u00e1 a los pacientes que requieran hospitalizaci\u00f3n en el Callao.<\/span><\/strong><\/p>\n<p><span style=\"color: #000000;\"><strong>Lima, 04 Abril 2020, (ANDINA).-<\/strong> El presidente Mart\u00edn Vizcarra anunci\u00f3 que el Centro M\u00e9dico Naval de la Marina de Guerra atender\u00e1 a los pacientes que requieran hospitalizaci\u00f3n en el Callao por el coronavirus (covid-19).<\/span><\/p>\n<p><span style=\"color: #000000;\">El mandatario explic\u00f3 que la Marina, en coordinaci\u00f3n con el Ministerio de Salud, ha puesto a su disposici\u00f3n toda su capacidad instalada, a fin de atender al Callao.<\/span><\/p>\n<p><span style=\"color: #000000;\">\u00abAs\u00ed como se tiene en Ate un hospital para covid-19, el Callao tiene capacidad respuesta propia, pero se le suma ahora estas instalaciones de la Marina, que son permanentes pero ahora ampliadas con m\u00f3dulos para atender a pacientes graves en cuidados intensivos\u00bb, indic\u00f3.<\/span><\/p>\n<p><span style=\"color: #000000;\">\u00abTenemos toda la seguridad y el equipo que ha desarrollado la propia Marina\u00bb, subray\u00f3 el jefe del Estado en una visita al referido establecimiento m\u00e9dico.<\/span><\/p>\n<p><span style=\"color: #000000;\">De igual forma, Vizcarra resalt\u00f3 que la Marina apoya con un hospital de las mismas caracter\u00edsticas en Paita, en la regi\u00f3n Piura, e Iquitos, en Loreto.<\/span><\/p>\n<p><span style=\"color: #000000;\">El presidente brind\u00f3 estos alcances desde el Centro M\u00e9dico Naval de la Marina, donde se ha logrado fabricar el primer respirador artificial b\u00e1sico.<\/span><\/p>\n<p><span style=\"color: #000000;\">Se trata de un establecimiento de contingencia frente al coronavirus (covid-19).<\/span><\/p>\n<p><span style=\"color: #000000;\">Acompa\u00f1aron al mandatario en esta visita los ministros de Salud, V\u00edctor Zamora, y de Defensa, Walter Martos.<\/span><\/p>\n","protected":false},"excerpt":{"rendered":"<p>El presidente Mart\u00edn Vizcarra anunci\u00f3 que el Centro M\u00e9dico Naval de la Marina de Guerra atender\u00e1 a los pacientes que requieran hospitalizaci\u00f3n en el Callao. Lima, 04 Abril 2020, (ANDINA).- El presidente Mart\u00edn Vizcarra anunci\u00f3 que el Centro M\u00e9dico Naval de la Marina de Guerra atender\u00e1 a los pacientes que requieran hospitalizaci\u00f3n en el Callao [&hellip;]<\/p>\n","protected":false},"author":1,"featured_media":67912,"comment_status":"open","ping_status":"open","sticky":false,"template":"","format":"standard","meta":{"rop_custom_images_group":[],"rop_custom_messages_group":[],"rop_publish_now":"initial","rop_publish_now_accounts":[],"rop_publish_now_history":[],"rop_publish_now_status":"pending","footnotes":""},"categories":[5],"tags":[5236,5364,289],"class_list":["post-67911","post","type-post","status-publish","format-standard","has-post-thumbnail","hentry","category-actualidad-informativa","tag-coronavirus","tag-covid-19","tag-martin-vizcarra"],"_links":{"self":[{"href":"https:\/\/elinformanteperu.com\/index.php\/wp-json\/wp\/v2\/posts\/67911","targetHints":{"allow":["GET"]}}],"collection":[{"href":"https:\/\/elinformanteperu.com\/index.php\/wp-json\/wp\/v2\/posts"}],"about":[{"href":"https:\/\/elinformanteperu.com\/index.php\/wp-json\/wp\/v2\/types\/post"}],"author":[{"embeddable":true,"href":"https:\/\/elinformanteperu.com\/index.php\/wp-json\/wp\/v2\/users\/1"}],"replies":[{"embeddable":true,"href":"https:\/\/elinformanteperu.com\/index.php\/wp-json\/wp\/v2\/comments?post=67911"}],"version-history":[{"count":1,"href":"https:\/\/elinformanteperu.com\/index.php\/wp-json\/wp\/v2\/posts\/67911\/revisions"}],"predecessor-version":[{"id":67913,"href":"https:\/\/elinformanteperu.com\/index.php\/wp-json\/wp\/v2\/posts\/67911\/revisions\/67913"}],"wp:featuredmedia":[{"embeddable":true,"href":"https:\/\/elinformanteperu.com\/index.php\/wp-json\/wp\/v2\/media\/67912"}],"wp:attachment":[{"href":"https:\/\/elinformanteperu.com\/index.php\/wp-json\/wp\/v2\/media?parent=67911"}],"wp:term":[{"taxonomy":"category","embeddable":true,"href":"https:\/\/elinformanteperu.com\/index.php\/wp-json\/wp\/v2\/categories?post=67911"},{"taxonomy":"post_tag","embeddable":true,"href":"https:\/\/elinformanteperu.com\/index.php\/wp-json\/wp\/v2\/tags?post=67911"}],"curies":[{"name":"wp","href":"https:\/\/api.w.org\/{rel}","templated":true}]}}