{"id":67904,"date":"2020-04-05T00:14:50","date_gmt":"2020-04-05T05:14:50","guid":{"rendered":"http:\/\/elinformanteperu.com\/?p=67904"},"modified":"2020-04-05T00:14:50","modified_gmt":"2020-04-05T05:14:50","slug":"vizcarra-centro-medico-naval-hara-respiradores-artificiales-para-casos-graves-de-covid-19","status":"publish","type":"post","link":"https:\/\/elinformanteperu.com\/index.php\/2020\/04\/05\/vizcarra-centro-medico-naval-hara-respiradores-artificiales-para-casos-graves-de-covid-19\/","title":{"rendered":"Vizcarra: Centro M\u00e9dico Naval har\u00e1 respiradores artificiales para casos graves de covid-19"},"content":{"rendered":"<p><strong><span style=\"color: #000000;\">El presidente Mart\u00edn Vizcarra inform\u00f3 que en los pr\u00f3ximos d\u00edas se fabricar\u00e1n en el pa\u00eds las primeras 10 unidades de ventiladores mec\u00e1nicos para pacientes cr\u00edticos por covid-19.<\/span><\/strong><\/p>\n<p><span style=\"color: #000000;\"><strong>Lima, 04 Abril 2020, (ANDINA).-<\/strong> El presidente Mart\u00edn Vizcarra inform\u00f3 que en los pr\u00f3ximos d\u00edas se fabricar\u00e1n en el pa\u00eds las primeras 10 unidades de ventiladores mec\u00e1nicos para pacientes cr\u00edticos por covid-19, gracias a una tecnolog\u00eda desarrollada por distintas instituciones.<\/span><\/p>\n<p><span style=\"color: #000000;\">Refiri\u00f3 que la Direcci\u00f3n General de Medicamentos, Insumos y Drogas (Digemid) ya dio la autorizaci\u00f3n correspondiente para la producci\u00f3n de los ventiladores mec\u00e1nicos en el Centro M\u00e9dico Naval.<\/span><\/p>\n<p><span style=\"color: #000000;\">El Jefe del Estado asisti\u00f3 a dicho centro m\u00e9dico para la presentaci\u00f3n del primer respirador artificial b\u00e1sico creado en el Per\u00fa, el cual ha sido bautizado como Samay, que en quechua significa respira.<\/span><\/p>\n<p><span style=\"color: #000000;\">En base a esa experiencia exitosa, el mandatario anunci\u00f3 que en los pr\u00f3ximos d\u00edas se tendr\u00e1n los primeros 10 respiradores artificiales y que en un mes se alcanzar\u00edan las 100 unidades, para lo cual el Gobierno destinar\u00e1 los recursos que sean necesarios.<\/span><\/p>\n<p><span style=\"color: #000000;\">El mandatario destac\u00f3 que en la iniciativa para producir ventiladores mec\u00e1nicos para los pacientes cr\u00edticos con covid-19 sumaron esfuerzos las Fuerzas Armadas, representadas por la Marina de Guerra; universidades y empresas privadas.<\/span><\/p>\n<p><span style=\"color: #000000;\">Los respiradores mec\u00e1nicos artificiales son los equipos m\u00e1s solicitados en la actualidad cuando los pa\u00edses del mundo enfrentan la pandemia por el coronavirus, lo cual ha elevado su precio en el mercado internacional.<\/span><\/p>\n<p><span style=\"color: #000000;\">\u00abSe han generado dos problemas a escala mundial: primero, que los precios se dispararon; segundo, que los plazos de entrega son de tres a seis meses\u00bb, advirti\u00f3.<\/span><\/p>\n<p><strong><span style=\"color: #000000;\">Camas UCI<\/span><\/strong><\/p>\n<p><span style=\"color: #000000;\">El presidente brind\u00f3 estas declaraciones durante su visita al Centro M\u00e9dico Naval del Callao, a donde lleg\u00f3 acompa\u00f1ado de los ministros de Defensa y de Salud, V\u00edctor Zamora. Este \u00faltimo felicit\u00f3 al personal naval y a las instituciones privadas que har\u00e1n posible la producci\u00f3n de los respiradores made in Per\u00fa que cumplen los est\u00e1ndares de calidad.<\/span><\/p>\n<p><span style=\"color: #000000;\">El titular de Salud dijo que la fabricaci\u00f3n de estos equipos es una de las estrategias para alcanzar el objetivo de tener como m\u00ednimo 500 camas UCI, con personal y el equipamiento tecnol\u00f3gico necesario, destinados a pacientes graves sin capacidad de respirar por su propia cuenta.<\/span><\/p>\n<p><span style=\"color: #000000;\">\u00abHemos salido al mercado para comprar estos equipos pero se tardar\u00e1n mucho en llegar y son caros. Hemos recibido donaci\u00f3n de 110 equipos de empresas privadas y estamos movilizando equipos que no eran usados y que estaban en cajas. Pero a\u00fan as\u00ed no es suficiente, por eso es necesario los producirlos en el Per\u00fa\u00bb.<\/span><\/p>\n<p><span style=\"color: #000000;\">De acuerdo a los estimados hechos con los expertos, dijo, en alg\u00fan momento de la curva ascendente del coronavirus se llegar\u00e1 a necesitar 500 camas en Unidades de Cuidados Intensivos (UCI), donde se espera atender con calidad y seguridad a pacientes graves. Cabe indicar que hasta el momento hay 88 pacientes en camas UCI.<\/span><\/p>\n","protected":false},"excerpt":{"rendered":"<p>El presidente Mart\u00edn Vizcarra inform\u00f3 que en los pr\u00f3ximos d\u00edas se fabricar\u00e1n en el pa\u00eds las primeras 10 unidades de ventiladores mec\u00e1nicos para pacientes cr\u00edticos por covid-19. Lima, 04 Abril 2020, (ANDINA).- El presidente Mart\u00edn Vizcarra inform\u00f3 que en los pr\u00f3ximos d\u00edas se fabricar\u00e1n en el pa\u00eds las primeras 10 unidades de ventiladores mec\u00e1nicos para [&hellip;]<\/p>\n","protected":false},"author":1,"featured_media":67905,"comment_status":"open","ping_status":"open","sticky":false,"template":"","format":"standard","meta":{"rop_custom_images_group":[],"rop_custom_messages_group":[],"rop_publish_now":"initial","rop_publish_now_accounts":[],"rop_publish_now_history":[],"rop_publish_now_status":"pending","footnotes":""},"categories":[5],"tags":[5236,5364,289],"class_list":["post-67904","post","type-post","status-publish","format-standard","has-post-thumbnail","hentry","category-actualidad-informativa","tag-coronavirus","tag-covid-19","tag-martin-vizcarra"],"_links":{"self":[{"href":"https:\/\/elinformanteperu.com\/index.php\/wp-json\/wp\/v2\/posts\/67904","targetHints":{"allow":["GET"]}}],"collection":[{"href":"https:\/\/elinformanteperu.com\/index.php\/wp-json\/wp\/v2\/posts"}],"about":[{"href":"https:\/\/elinformanteperu.com\/index.php\/wp-json\/wp\/v2\/types\/post"}],"author":[{"embeddable":true,"href":"https:\/\/elinformanteperu.com\/index.php\/wp-json\/wp\/v2\/users\/1"}],"replies":[{"embeddable":true,"href":"https:\/\/elinformanteperu.com\/index.php\/wp-json\/wp\/v2\/comments?post=67904"}],"version-history":[{"count":2,"href":"https:\/\/elinformanteperu.com\/index.php\/wp-json\/wp\/v2\/posts\/67904\/revisions"}],"predecessor-version":[{"id":67907,"href":"https:\/\/elinformanteperu.com\/index.php\/wp-json\/wp\/v2\/posts\/67904\/revisions\/67907"}],"wp:featuredmedia":[{"embeddable":true,"href":"https:\/\/elinformanteperu.com\/index.php\/wp-json\/wp\/v2\/media\/67905"}],"wp:attachment":[{"href":"https:\/\/elinformanteperu.com\/index.php\/wp-json\/wp\/v2\/media?parent=67904"}],"wp:term":[{"taxonomy":"category","embeddable":true,"href":"https:\/\/elinformanteperu.com\/index.php\/wp-json\/wp\/v2\/categories?post=67904"},{"taxonomy":"post_tag","embeddable":true,"href":"https:\/\/elinformanteperu.com\/index.php\/wp-json\/wp\/v2\/tags?post=67904"}],"curies":[{"name":"wp","href":"https:\/\/api.w.org\/{rel}","templated":true}]}}