{"id":67831,"date":"2020-04-03T21:48:00","date_gmt":"2020-04-04T02:48:00","guid":{"rendered":"http:\/\/elinformanteperu.com\/?p=67831"},"modified":"2020-04-03T21:48:00","modified_gmt":"2020-04-04T02:48:00","slug":"minsa-pruebas-rapidas-ya-fueron-probadas-y-tienen-un-desempeno-optimo","status":"publish","type":"post","link":"https:\/\/elinformanteperu.com\/index.php\/2020\/04\/03\/minsa-pruebas-rapidas-ya-fueron-probadas-y-tienen-un-desempeno-optimo\/","title":{"rendered":"Minsa: Pruebas r\u00e1pidas ya fueron probadas y tienen un desempe\u00f1o \u00f3ptimo"},"content":{"rendered":"<p><strong><span style=\"color: #000000;\">El ministro de Salud, V\u00edctor Zamora, inform\u00f3 que las pruebas r\u00e1pidas para coronavirus ya fueron probadas en el pa\u00eds y han demostrado un desempe\u00f1o \u00f3ptimo.<\/span><\/strong><\/p>\n<p><span style=\"color: #000000;\"><strong>Lima, 03 Abril 2020, (ANDINA).-<\/strong> El ministro de Salud, V\u00edctor Zamora, inform\u00f3 que las pruebas r\u00e1pidas para coronavirus ya fueron probadas en el pa\u00eds y han demostrado un desempe\u00f1o \u00f3ptimo.<\/span><\/p>\n<p><span style=\"color: #000000;\">En conferencia de prensa en Palacio de Gobierno, el titular del sector manifest\u00f3 que dicha evaluaci\u00f3n se realiz\u00f3 el 30 de marzo en personas que ya est\u00e1n hospitalizadas, en aquellas que son sospechosas de haberse contagiado con Covid-19, as\u00ed como en el personal de salud.<\/span><\/p>\n<p><span style=\"color: #000000;\">Explic\u00f3 que en el laboratorio todas las situaciones son absolutamente controladas, pero en campo \u201cse hace como si fuera la vida real\u201d<\/span><\/p>\n<p><span style=\"color: #000000;\">\u201cLo que identificamos es que la prueba r\u00e1pida comprada tiene un desempa\u00f1o \u00f3ptimo para poder realizar evaluaciones complementarias de tipo epidemiol\u00f3gico\u201d<\/span><\/p>\n<p><span style=\"color: #000000;\">El ministro detall\u00f3 que las primera 150, 000 pruebas serol\u00f3gicas o r\u00e1pidas para el coronavirus ingresaron al pa\u00eds y ya fueron distribuidas a todo el Per\u00fa.<\/span><\/p>\n<p><span style=\"color: #000000;\">\u201cEl siguiente lote, de 180,000 pruebas r\u00e1pidas, ingresaron al pa\u00eds y fueron distribuidas hoy a todo el Per\u00fa. El primer grupo que inici\u00f3 el tamizaje de pruebas r\u00e1pidas son casi 100 personas adultos mayores que est\u00e1n alojado en la Plaza de Acho y se ha dado instrucciones a las distintas regiones y hospitales que tienen estas pruebas r\u00e1pidas para que puedan iniciar su uso en personas de alto riesgo de contagio.<\/span><\/p>\n","protected":false},"excerpt":{"rendered":"<p>El ministro de Salud, V\u00edctor Zamora, inform\u00f3 que las pruebas r\u00e1pidas para coronavirus ya fueron probadas en el pa\u00eds y han demostrado un desempe\u00f1o \u00f3ptimo. Lima, 03 Abril 2020, (ANDINA).- El ministro de Salud, V\u00edctor Zamora, inform\u00f3 que las pruebas r\u00e1pidas para coronavirus ya fueron probadas en el pa\u00eds y han demostrado un desempe\u00f1o \u00f3ptimo. [&hellip;]<\/p>\n","protected":false},"author":1,"featured_media":67832,"comment_status":"open","ping_status":"open","sticky":false,"template":"","format":"standard","meta":{"rop_custom_images_group":[],"rop_custom_messages_group":[],"rop_publish_now":"initial","rop_publish_now_accounts":[],"rop_publish_now_history":[],"rop_publish_now_status":"pending","footnotes":""},"categories":[10],"tags":[5236,5364,431,5388],"class_list":["post-67831","post","type-post","status-publish","format-standard","has-post-thumbnail","hentry","category-actualidad-municipal","tag-coronavirus","tag-covid-19","tag-minsa","tag-victor-zamora"],"_links":{"self":[{"href":"https:\/\/elinformanteperu.com\/index.php\/wp-json\/wp\/v2\/posts\/67831","targetHints":{"allow":["GET"]}}],"collection":[{"href":"https:\/\/elinformanteperu.com\/index.php\/wp-json\/wp\/v2\/posts"}],"about":[{"href":"https:\/\/elinformanteperu.com\/index.php\/wp-json\/wp\/v2\/types\/post"}],"author":[{"embeddable":true,"href":"https:\/\/elinformanteperu.com\/index.php\/wp-json\/wp\/v2\/users\/1"}],"replies":[{"embeddable":true,"href":"https:\/\/elinformanteperu.com\/index.php\/wp-json\/wp\/v2\/comments?post=67831"}],"version-history":[{"count":1,"href":"https:\/\/elinformanteperu.com\/index.php\/wp-json\/wp\/v2\/posts\/67831\/revisions"}],"predecessor-version":[{"id":67833,"href":"https:\/\/elinformanteperu.com\/index.php\/wp-json\/wp\/v2\/posts\/67831\/revisions\/67833"}],"wp:featuredmedia":[{"embeddable":true,"href":"https:\/\/elinformanteperu.com\/index.php\/wp-json\/wp\/v2\/media\/67832"}],"wp:attachment":[{"href":"https:\/\/elinformanteperu.com\/index.php\/wp-json\/wp\/v2\/media?parent=67831"}],"wp:term":[{"taxonomy":"category","embeddable":true,"href":"https:\/\/elinformanteperu.com\/index.php\/wp-json\/wp\/v2\/categories?post=67831"},{"taxonomy":"post_tag","embeddable":true,"href":"https:\/\/elinformanteperu.com\/index.php\/wp-json\/wp\/v2\/tags?post=67831"}],"curies":[{"name":"wp","href":"https:\/\/api.w.org\/{rel}","templated":true}]}}