{"id":67828,"date":"2020-04-03T21:46:39","date_gmt":"2020-04-04T02:46:39","guid":{"rendered":"http:\/\/elinformanteperu.com\/?p=67828"},"modified":"2020-04-03T21:46:39","modified_gmt":"2020-04-04T02:46:39","slug":"gobierno-dispone-el-uso-obligatorio-de-mascarillas-en-lugares-publicos","status":"publish","type":"post","link":"https:\/\/elinformanteperu.com\/index.php\/2020\/04\/03\/gobierno-dispone-el-uso-obligatorio-de-mascarillas-en-lugares-publicos\/","title":{"rendered":"Gobierno dispone el uso obligatorio de mascarillas en lugares p\u00fablicos"},"content":{"rendered":"<p><strong><span style=\"color: #000000;\">El Gobierno emiti\u00f3 un decreto supremo que dispone que los ciudadanos deben usar de manera obligatoria las mascarillas cuando salgan de sus viviendas.<\/span><\/strong><\/p>\n<p><span style=\"color: #000000;\"><strong>Lima, 03 Abril 2020, (ANDINA).-<\/strong> El Gobierno emiti\u00f3 un decreto supremo que dispone que los ciudadanos deben usar de manera obligatoria las mascarillas cuando salgan de sus viviendas o se encuentren en lugares p\u00fablicos, a fin de reducir el riesgo de contagio del coronavirus, inform\u00f3 el presidente Mart\u00edn Vizcarra.<\/span><\/p>\n<p><span style=\"color: #000000;\">\u201cCuando uno salga de su vivienda y est\u00e9 en un lugar p\u00fablico debe usar de todas maneras la mascarilla. Es obligatorio en la circulaci\u00f3n fuera de casa\u201d, recalc\u00f3 durante una conferencia de prensa virtual en Palacio de Gobierno.<\/span><\/p>\n<p><span style=\"color: #000000;\">A\u00f1adi\u00f3 que el Gobierno dar\u00e1 facilidades para que, desde la pr\u00f3xima semana, pueda entregarse gratuitamente mascarillas de tela reutilizables en algunas zonas.<\/span><\/p>\n<p><span style=\"color: #000000;\">\u201cHemos sacado una norma para que se pueda producir la mascarilla. Las personas, los adultos, j\u00f3venes y ni\u00f1os, pueden usar las mascarillas hechas por el sector productivo textil. Hemos dado las caracter\u00edsticas\u201d, subray\u00f3.<\/span><\/p>\n<p><span style=\"color: #000000;\">Inform\u00f3 que se vienen haciendo las coordinaciones con diferentes ministerios para comenzar a distribuir estas mascarillas de manera gratuita a partir de la pr\u00f3xima semana.<\/span><\/p>\n<p><span style=\"color: #000000;\">\u201cEstas mascarillas de tela cumplir\u00e1n con la especificaciones de tama\u00f1o, de calidad, para que, incluso, puedan ser lavables y reutilizables\u201d, insisti\u00f3.<\/span><\/p>\n","protected":false},"excerpt":{"rendered":"<p>El Gobierno emiti\u00f3 un decreto supremo que dispone que los ciudadanos deben usar de manera obligatoria las mascarillas cuando salgan de sus viviendas. Lima, 03 Abril 2020, (ANDINA).- El Gobierno emiti\u00f3 un decreto supremo que dispone que los ciudadanos deben usar de manera obligatoria las mascarillas cuando salgan de sus viviendas o se encuentren en [&hellip;]<\/p>\n","protected":false},"author":1,"featured_media":67829,"comment_status":"open","ping_status":"open","sticky":false,"template":"","format":"standard","meta":{"rop_custom_images_group":[],"rop_custom_messages_group":[],"rop_publish_now":"initial","rop_publish_now_accounts":[],"rop_publish_now_history":[],"rop_publish_now_status":"pending","footnotes":""},"categories":[10],"tags":[5236,5364],"class_list":["post-67828","post","type-post","status-publish","format-standard","has-post-thumbnail","hentry","category-actualidad-municipal","tag-coronavirus","tag-covid-19"],"_links":{"self":[{"href":"https:\/\/elinformanteperu.com\/index.php\/wp-json\/wp\/v2\/posts\/67828","targetHints":{"allow":["GET"]}}],"collection":[{"href":"https:\/\/elinformanteperu.com\/index.php\/wp-json\/wp\/v2\/posts"}],"about":[{"href":"https:\/\/elinformanteperu.com\/index.php\/wp-json\/wp\/v2\/types\/post"}],"author":[{"embeddable":true,"href":"https:\/\/elinformanteperu.com\/index.php\/wp-json\/wp\/v2\/users\/1"}],"replies":[{"embeddable":true,"href":"https:\/\/elinformanteperu.com\/index.php\/wp-json\/wp\/v2\/comments?post=67828"}],"version-history":[{"count":1,"href":"https:\/\/elinformanteperu.com\/index.php\/wp-json\/wp\/v2\/posts\/67828\/revisions"}],"predecessor-version":[{"id":67830,"href":"https:\/\/elinformanteperu.com\/index.php\/wp-json\/wp\/v2\/posts\/67828\/revisions\/67830"}],"wp:featuredmedia":[{"embeddable":true,"href":"https:\/\/elinformanteperu.com\/index.php\/wp-json\/wp\/v2\/media\/67829"}],"wp:attachment":[{"href":"https:\/\/elinformanteperu.com\/index.php\/wp-json\/wp\/v2\/media?parent=67828"}],"wp:term":[{"taxonomy":"category","embeddable":true,"href":"https:\/\/elinformanteperu.com\/index.php\/wp-json\/wp\/v2\/categories?post=67828"},{"taxonomy":"post_tag","embeddable":true,"href":"https:\/\/elinformanteperu.com\/index.php\/wp-json\/wp\/v2\/tags?post=67828"}],"curies":[{"name":"wp","href":"https:\/\/api.w.org\/{rel}","templated":true}]}}