{"id":67825,"date":"2020-04-03T21:44:29","date_gmt":"2020-04-04T02:44:29","guid":{"rendered":"http:\/\/elinformanteperu.com\/?p=67825"},"modified":"2020-04-03T21:44:29","modified_gmt":"2020-04-04T02:44:29","slug":"coronavirus-atu-reitera-llamado-a-transportistas-a-desinfectar-sus-unidades","status":"publish","type":"post","link":"https:\/\/elinformanteperu.com\/index.php\/2020\/04\/03\/coronavirus-atu-reitera-llamado-a-transportistas-a-desinfectar-sus-unidades\/","title":{"rendered":"Coronavirus: ATU reitera llamado a transportistas a desinfectar sus unidades"},"content":{"rendered":"<p><strong><span style=\"color: #000000;\">Conductores deben limpiar sus unidades antes de empezar su laborar y despu\u00e9s de cada servicio, prestando atenci\u00f3n especial en la desinfecci\u00f3n de las superficies.<\/span><\/strong><\/p>\n<p><span style=\"color: #000000;\"><strong>Lima, 03 Abril 2020, (ANDINA).-<\/strong> Conductores deben limpiar sus unidades antes de empezar su laborar y despu\u00e9s de cada servicio, prestando atenci\u00f3n especial en la desinfecci\u00f3n de las superficies y objetos que tienen contacto frecuente con los usuarios, tales como manijas de las puertas, ventanas, asientos, cinturones de seguridad y puertas, se\u00f1al\u00f3 la Autoridad de Transporte Urbano (ATU).<\/span><\/p>\n<p><span style=\"color: #000000;\">Mar\u00eda Jara, jefa de la ATU, recalc\u00f3 que los conductores de taxis deben asegurarse que su veh\u00edculo se encuentre en perfectas condiciones.<\/span><\/p>\n<p><span style=\"color: #000000;\">\u201cEs muy importante que antes del inicio de su jornada y despu\u00e9s de cada servicio se haga la limpieza y desinfecci\u00f3n de la unidad, prestando atenci\u00f3n especial en la desinfecci\u00f3n de las superficies y objetos que tienen contacto frecuente con los usuarios, tales como manijas de las puertas, ventanas, asientos, cinturones de seguridad y puertas\u201d, dijo.<\/span><\/p>\n<p><span style=\"color: #000000;\">Resalt\u00f3, adem\u00e1s, que el Ejecutivo ha dispuesto el uso obligatorio de mascarilla para circular por las v\u00edas p\u00fablicas, por lo que tanto los conductores y usuarios del servicio de transporte deben portar una mascarilla y adem\u00e1s recomend\u00f3 el uso de los guantes.<\/span><\/p>\n<p><span style=\"color: #000000;\">Jara asegur\u00f3 que las unidades de transporte urbano continuar\u00e1n prestando el servicio para la movilidad de los ciudadanos que prestan labores en las actividades esenciales en el estado de emergencia.<\/span><\/p>\n<p><span style=\"color: #000000;\">\u201cLa restricci\u00f3n de tr\u00e1nsito dispuesta por el Decreto Supremo N\u00b0 057-2020-PCM, como una de las medidas para contener la propagaci\u00f3n de la Covid-19, apunta a limitar la circulaci\u00f3n de personas, en ese sentido, los conductores del transporte p\u00fablico, velar\u00e1n porque la medida dispuesta por el ejecutivo con respecto a la estricci\u00f3n de g\u00e9nero se cumpla\u201d, resalt\u00f3.<\/span><\/p>\n<p><span style=\"color: #000000;\">Recordemos que como actividades esenciales se encuentran los servidores de la salud que deben movilizarse de sus hogares a los centros de salud y viceversa.<\/span><\/p>\n<p><span style=\"color: #000000;\">Como se recuerda, la ATU dispuso que los taxis deben circular de acuerdo con el \u00faltimo d\u00edgito de su placa. De este modo, los d\u00edas lunes, mi\u00e9rcoles, viernes y domingo circulan los taxis cuyas placas culminan en n\u00famero impar y los martes, jueves y s\u00e1bado, aquellas de matr\u00edcula par y cero. El horario es de 5 a.m. a 6 p. m., respetando las disposiciones del Ejecutivo.<\/span><\/p>\n<p><span style=\"color: #000000;\">Jara se\u00f1al\u00f3 que los usuarios del servicio de transporte de personas de Lima y Callao, pueden comprobar si el veh\u00edculo es formal ingresando a la p\u00e1gina de la ATU, opci\u00f3n \u201cConsultas en l\u00ednea\u201d: <strong>https:\/\/www.atu.gob.pe\/transporte-urbano-vehiculo\/<\/strong>.<\/span><\/p>\n<p><span style=\"color: #000000;\">Cabe precisar que los fiscalizadores del transporte de la entidad realizan intervenciones todos los d\u00edas en las principales arterias de la ciudad para verificar el cumplimiento de la restricci\u00f3n.<\/span><\/p>\n","protected":false},"excerpt":{"rendered":"<p>Conductores deben limpiar sus unidades antes de empezar su laborar y despu\u00e9s de cada servicio, prestando atenci\u00f3n especial en la desinfecci\u00f3n de las superficies. Lima, 03 Abril 2020, (ANDINA).- Conductores deben limpiar sus unidades antes de empezar su laborar y despu\u00e9s de cada servicio, prestando atenci\u00f3n especial en la desinfecci\u00f3n de las superficies y objetos [&hellip;]<\/p>\n","protected":false},"author":1,"featured_media":67826,"comment_status":"open","ping_status":"open","sticky":false,"template":"","format":"standard","meta":{"rop_custom_images_group":[],"rop_custom_messages_group":[],"rop_publish_now":"initial","rop_publish_now_accounts":[],"rop_publish_now_history":[],"rop_publish_now_status":"pending","footnotes":""},"categories":[10],"tags":[5422,4559,5236,5364],"class_list":["post-67825","post","type-post","status-publish","format-standard","has-post-thumbnail","hentry","category-actualidad-municipal","tag-atu","tag-autoridad-de-transporte-urbano","tag-coronavirus","tag-covid-19"],"_links":{"self":[{"href":"https:\/\/elinformanteperu.com\/index.php\/wp-json\/wp\/v2\/posts\/67825","targetHints":{"allow":["GET"]}}],"collection":[{"href":"https:\/\/elinformanteperu.com\/index.php\/wp-json\/wp\/v2\/posts"}],"about":[{"href":"https:\/\/elinformanteperu.com\/index.php\/wp-json\/wp\/v2\/types\/post"}],"author":[{"embeddable":true,"href":"https:\/\/elinformanteperu.com\/index.php\/wp-json\/wp\/v2\/users\/1"}],"replies":[{"embeddable":true,"href":"https:\/\/elinformanteperu.com\/index.php\/wp-json\/wp\/v2\/comments?post=67825"}],"version-history":[{"count":1,"href":"https:\/\/elinformanteperu.com\/index.php\/wp-json\/wp\/v2\/posts\/67825\/revisions"}],"predecessor-version":[{"id":67827,"href":"https:\/\/elinformanteperu.com\/index.php\/wp-json\/wp\/v2\/posts\/67825\/revisions\/67827"}],"wp:featuredmedia":[{"embeddable":true,"href":"https:\/\/elinformanteperu.com\/index.php\/wp-json\/wp\/v2\/media\/67826"}],"wp:attachment":[{"href":"https:\/\/elinformanteperu.com\/index.php\/wp-json\/wp\/v2\/media?parent=67825"}],"wp:term":[{"taxonomy":"category","embeddable":true,"href":"https:\/\/elinformanteperu.com\/index.php\/wp-json\/wp\/v2\/categories?post=67825"},{"taxonomy":"post_tag","embeddable":true,"href":"https:\/\/elinformanteperu.com\/index.php\/wp-json\/wp\/v2\/tags?post=67825"}],"curies":[{"name":"wp","href":"https:\/\/api.w.org\/{rel}","templated":true}]}}