{"id":67482,"date":"2020-03-30T19:05:15","date_gmt":"2020-03-31T00:05:15","guid":{"rendered":"http:\/\/elinformanteperu.com\/?p=67482"},"modified":"2020-03-30T19:05:15","modified_gmt":"2020-03-31T00:05:15","slug":"no-estas-solo-la-cancion-de-carlos-vives-junto-a-ruben-blades","status":"publish","type":"post","link":"https:\/\/elinformanteperu.com\/index.php\/2020\/03\/30\/no-estas-solo-la-cancion-de-carlos-vives-junto-a-ruben-blades\/","title":{"rendered":"\u00abNo est\u00e1s solo\u00bb, la canci\u00f3n de Carlos Vives junto a Rub\u00e9n Blades"},"content":{"rendered":"<p><strong><span style=\"color: #000000;\">Durante su concierto desde casa, el cantante Carlos Vives dio un adelanto del tema \u00abNo est\u00e1s solo\u00bb, que grab\u00f3 junto a Rub\u00e9n Blades meses atr\u00e1s.<\/span><\/strong><\/p>\n<p><span style=\"color: #000000;\"><strong>Lima, 30 Marzo 2020, (ANDINA).-<\/strong> Durante su concierto desde casa, el cantante Carlos Vives dio un adelanto del tema \u00abNo est\u00e1s solo\u00bb, que grab\u00f3 junto a Rub\u00e9n Blades meses atr\u00e1s, tras una larga conversaci\u00f3n en la que el salsero pana\u00f1emo le manifest\u00f3 que hab\u00edan canciones para todo, menos para quienes sufren de enfermedad.<\/span><\/p>\n<p><span style=\"color: #000000;\">\u00abSe se ha hecho canciones para todo, para bodas, para defunciones, para cumplea\u00f1os pero no se han hecho canciones para los enfermos y a ra\u00edz de eso sale la idea de grabar una canci\u00f3n para los enfermos, la cual llevar\u00e1 por t\u00edtulo: \u00abNo est\u00e1s solo\u00bb, le manifest\u00f3 el artista a Vives en aquel momento.<\/span><\/p>\n<p><span style=\"color: #000000;\">Carlos Vives no dio detalles sobre fecha de lanzamiento, sin embargo aprovechando la coyuntura que vive el mundo entero ser\u00eda ideal hacerlo ahora.<\/span><\/p>\n<p><span style=\"color: #000000;\">Tanto Vives como Blades han lanzado temas relacionados a la pandemia y tratar de darle un aliento al mundo con su m\u00fasica.<\/span><\/p>\n<p><img fetchpriority=\"high\" decoding=\"async\" class=\"aligncenter size-full wp-image-33120\" src=\"http:\/\/elinformanteperu.com\/wp-content\/uploads\/2018\/09\/yo-no-me-llamo-ruben-blades.jpg\" alt=\"\" width=\"351\" height=\"354\" srcset=\"https:\/\/elinformanteperu.com\/wp-content\/uploads\/2018\/09\/yo-no-me-llamo-ruben-blades.jpg 351w, https:\/\/elinformanteperu.com\/wp-content\/uploads\/2018\/09\/yo-no-me-llamo-ruben-blades-150x150.jpg 150w, https:\/\/elinformanteperu.com\/wp-content\/uploads\/2018\/09\/yo-no-me-llamo-ruben-blades-297x300.jpg 297w, https:\/\/elinformanteperu.com\/wp-content\/uploads\/2018\/09\/yo-no-me-llamo-ruben-blades-128x128.jpg 128w, https:\/\/elinformanteperu.com\/wp-content\/uploads\/2018\/09\/yo-no-me-llamo-ruben-blades-32x32.jpg 32w, https:\/\/elinformanteperu.com\/wp-content\/uploads\/2018\/09\/yo-no-me-llamo-ruben-blades-60x60.jpg 60w, https:\/\/elinformanteperu.com\/wp-content\/uploads\/2018\/09\/yo-no-me-llamo-ruben-blades-50x50.jpg 50w\" sizes=\"(max-width: 351px) 100vw, 351px\" \/><\/p>\n","protected":false},"excerpt":{"rendered":"<p>Durante su concierto desde casa, el cantante Carlos Vives dio un adelanto del tema \u00abNo est\u00e1s solo\u00bb, que grab\u00f3 junto a Rub\u00e9n Blades meses atr\u00e1s. Lima, 30 Marzo 2020, (ANDINA).- Durante su concierto desde casa, el cantante Carlos Vives dio un adelanto del tema \u00abNo est\u00e1s solo\u00bb, que grab\u00f3 junto a Rub\u00e9n Blades meses atr\u00e1s, [&hellip;]<\/p>\n","protected":false},"author":1,"featured_media":67483,"comment_status":"open","ping_status":"open","sticky":false,"template":"","format":"standard","meta":{"rop_custom_images_group":[],"rop_custom_messages_group":[],"rop_publish_now":"initial","rop_publish_now_accounts":[],"rop_publish_now_history":[],"rop_publish_now_status":"pending","footnotes":""},"categories":[69],"tags":[221,2203],"class_list":["post-67482","post","type-post","status-publish","format-standard","has-post-thumbnail","hentry","category-musica","tag-carlos-vives","tag-ruben-blades"],"_links":{"self":[{"href":"https:\/\/elinformanteperu.com\/index.php\/wp-json\/wp\/v2\/posts\/67482","targetHints":{"allow":["GET"]}}],"collection":[{"href":"https:\/\/elinformanteperu.com\/index.php\/wp-json\/wp\/v2\/posts"}],"about":[{"href":"https:\/\/elinformanteperu.com\/index.php\/wp-json\/wp\/v2\/types\/post"}],"author":[{"embeddable":true,"href":"https:\/\/elinformanteperu.com\/index.php\/wp-json\/wp\/v2\/users\/1"}],"replies":[{"embeddable":true,"href":"https:\/\/elinformanteperu.com\/index.php\/wp-json\/wp\/v2\/comments?post=67482"}],"version-history":[{"count":1,"href":"https:\/\/elinformanteperu.com\/index.php\/wp-json\/wp\/v2\/posts\/67482\/revisions"}],"predecessor-version":[{"id":67484,"href":"https:\/\/elinformanteperu.com\/index.php\/wp-json\/wp\/v2\/posts\/67482\/revisions\/67484"}],"wp:featuredmedia":[{"embeddable":true,"href":"https:\/\/elinformanteperu.com\/index.php\/wp-json\/wp\/v2\/media\/67483"}],"wp:attachment":[{"href":"https:\/\/elinformanteperu.com\/index.php\/wp-json\/wp\/v2\/media?parent=67482"}],"wp:term":[{"taxonomy":"category","embeddable":true,"href":"https:\/\/elinformanteperu.com\/index.php\/wp-json\/wp\/v2\/categories?post=67482"},{"taxonomy":"post_tag","embeddable":true,"href":"https:\/\/elinformanteperu.com\/index.php\/wp-json\/wp\/v2\/tags?post=67482"}],"curies":[{"name":"wp","href":"https:\/\/api.w.org\/{rel}","templated":true}]}}