{"id":67475,"date":"2020-03-30T18:57:37","date_gmt":"2020-03-30T23:57:37","guid":{"rendered":"http:\/\/elinformanteperu.com\/?p=67475"},"modified":"2020-03-30T18:57:37","modified_gmt":"2020-03-30T23:57:37","slug":"el-mercado-del-disco-midem-se-celebrara-en-junio-en-formato-digital","status":"publish","type":"post","link":"https:\/\/elinformanteperu.com\/index.php\/2020\/03\/30\/el-mercado-del-disco-midem-se-celebrara-en-junio-en-formato-digital\/","title":{"rendered":"El mercado del disco Midem se celebrar\u00e1 en junio en formato digital"},"content":{"rendered":"<p><strong><span style=\"color: #000000;\">El Mercado Internacional del Disco y de la Edici\u00f3n Musical (Midem), previsto del pr\u00f3ximo 2 al 5 de junio en la localidad francesa de Cannes, tendr\u00e1 lugar este a\u00f1o en formato digital.<\/span><\/strong><\/p>\n<p><span style=\"color: #000000;\"><strong>Par\u00eds, 30 Marzo 2020, (ANDINA).-<\/strong> El Mercado Internacional del Disco y de la Edici\u00f3n Musical (Midem), previsto del pr\u00f3ximo 2 al 5 de junio en la localidad francesa de Cannes, tendr\u00e1 lugar este a\u00f1o en formato digital debido a la pandemia del coronavirus, informaron sus organizadores.<\/span><\/p>\n<p><span style=\"color: #000000;\">La empresa Reed Midem indic\u00f3 en un comunicado que esa feria anula su celebraci\u00f3n habitual \u00abdada la incertidumbre que rodea la evoluci\u00f3n del virus y las preocupaciones de las compa\u00f1\u00edas respecto a la seguridad de su personal\u00bb.<\/span><\/p>\n<p><span style=\"color: #000000;\">Esa gran cita anual del sector discogr\u00e1fico se transformar\u00e1 este a\u00f1o con una edici\u00f3n rebautizada Midem Digital Edition, en internet, \u00abaccesible a todos y que quiere juntar a la comunidad internacional de la m\u00fasica para hablar, colaborar y compartir soluciones, concentr\u00e1ndose en los profesionales del sector m\u00e1s afectados\u00bb.<\/span><\/p>\n<p><span style=\"color: #000000;\">Su formato digital incluir\u00e1 conferencias y presentaciones en directo y ofrecer\u00e1 la posibilidad de concertar reuniones entre los participantes.<\/span><\/p>\n<p><span style=\"color: #000000;\">El retorno de esta gran feria en su formato normal est\u00e1 previsto del 1 al 4 de junio de 2021: \u00abTenemos muchas ganas de reunir de nuevo a todo el mundo para celebrar el retorno de la industria musical a un crecimiento sano\u00bb.<\/span><\/p>\n<p><img fetchpriority=\"high\" decoding=\"async\" class=\"aligncenter size-full wp-image-67477\" src=\"http:\/\/elinformanteperu.com\/wp-content\/uploads\/2020\/03\/midem.jpg\" alt=\"\" width=\"770\" height=\"361\" srcset=\"https:\/\/elinformanteperu.com\/wp-content\/uploads\/2020\/03\/midem.jpg 770w, https:\/\/elinformanteperu.com\/wp-content\/uploads\/2020\/03\/midem-300x141.jpg 300w, https:\/\/elinformanteperu.com\/wp-content\/uploads\/2020\/03\/midem-768x360.jpg 768w, https:\/\/elinformanteperu.com\/wp-content\/uploads\/2020\/03\/midem-128x60.jpg 128w, https:\/\/elinformanteperu.com\/wp-content\/uploads\/2020\/03\/midem-32x15.jpg 32w\" sizes=\"(max-width: 770px) 100vw, 770px\" \/><\/p>\n","protected":false},"excerpt":{"rendered":"<p>El Mercado Internacional del Disco y de la Edici\u00f3n Musical (Midem), previsto del pr\u00f3ximo 2 al 5 de junio en la localidad francesa de Cannes, tendr\u00e1 lugar este a\u00f1o en formato digital. Par\u00eds, 30 Marzo 2020, (ANDINA).- El Mercado Internacional del Disco y de la Edici\u00f3n Musical (Midem), previsto del pr\u00f3ximo 2 al 5 de [&hellip;]<\/p>\n","protected":false},"author":1,"featured_media":67476,"comment_status":"open","ping_status":"open","sticky":false,"template":"","format":"standard","meta":{"rop_custom_images_group":[],"rop_custom_messages_group":[],"rop_publish_now":"initial","rop_publish_now_accounts":[],"rop_publish_now_history":[],"rop_publish_now_status":"pending","footnotes":""},"categories":[69],"tags":[4241,5411],"class_list":["post-67475","post","type-post","status-publish","format-standard","has-post-thumbnail","hentry","category-musica","tag-cannes-2019","tag-midem"],"_links":{"self":[{"href":"https:\/\/elinformanteperu.com\/index.php\/wp-json\/wp\/v2\/posts\/67475","targetHints":{"allow":["GET"]}}],"collection":[{"href":"https:\/\/elinformanteperu.com\/index.php\/wp-json\/wp\/v2\/posts"}],"about":[{"href":"https:\/\/elinformanteperu.com\/index.php\/wp-json\/wp\/v2\/types\/post"}],"author":[{"embeddable":true,"href":"https:\/\/elinformanteperu.com\/index.php\/wp-json\/wp\/v2\/users\/1"}],"replies":[{"embeddable":true,"href":"https:\/\/elinformanteperu.com\/index.php\/wp-json\/wp\/v2\/comments?post=67475"}],"version-history":[{"count":1,"href":"https:\/\/elinformanteperu.com\/index.php\/wp-json\/wp\/v2\/posts\/67475\/revisions"}],"predecessor-version":[{"id":67478,"href":"https:\/\/elinformanteperu.com\/index.php\/wp-json\/wp\/v2\/posts\/67475\/revisions\/67478"}],"wp:featuredmedia":[{"embeddable":true,"href":"https:\/\/elinformanteperu.com\/index.php\/wp-json\/wp\/v2\/media\/67476"}],"wp:attachment":[{"href":"https:\/\/elinformanteperu.com\/index.php\/wp-json\/wp\/v2\/media?parent=67475"}],"wp:term":[{"taxonomy":"category","embeddable":true,"href":"https:\/\/elinformanteperu.com\/index.php\/wp-json\/wp\/v2\/categories?post=67475"},{"taxonomy":"post_tag","embeddable":true,"href":"https:\/\/elinformanteperu.com\/index.php\/wp-json\/wp\/v2\/tags?post=67475"}],"curies":[{"name":"wp","href":"https:\/\/api.w.org\/{rel}","templated":true}]}}