{"id":67461,"date":"2020-03-30T17:39:02","date_gmt":"2020-03-30T22:39:02","guid":{"rendered":"http:\/\/elinformanteperu.com\/?p=67461"},"modified":"2020-03-30T18:26:02","modified_gmt":"2020-03-30T23:26:02","slug":"covid-19-san-fernando-colabora-con-21-mil-cajas-de-alimentos-para-poblaciones-vulnerables","status":"publish","type":"post","link":"https:\/\/elinformanteperu.com\/index.php\/2020\/03\/30\/covid-19-san-fernando-colabora-con-21-mil-cajas-de-alimentos-para-poblaciones-vulnerables\/","title":{"rendered":"Covid-19: San Fernando colabora con 21 mil cajas de alimentos para poblaciones vulnerables"},"content":{"rendered":"<p><strong><span style=\"color: #000000;\">La donaci\u00f3n equivale a m\u00e1s de 171 mil toneladas que corresponde a m\u00e1s de un mill\u00f3n de latas de pollo en conserva.<\/span><\/strong><\/p>\n<p><span style=\"color: #000000;\"><strong>Lima, 30 Marzo 2020, (El Informante Per\u00fa).-<\/strong> La expansi\u00f3n del COVID-19 avanza en el Per\u00fa y el mundo, generando un panorama complejo con m\u00e1s casos de infectados. Para sumar esfuerzos en la lucha contra esta epidemia en el pa\u00eds, y conscientes de su compromiso de contribuir con las poblaciones m\u00e1s vulnerables, a trav\u00e9s de alimentos con aporte proteico, la empresa de consumo masivo San Fernando colabor\u00f3 con 21 mil cajas de latas de pollo en conserva que beneficiar\u00e1 a 500 mil personas pertenecientes a poblaci\u00f3n vulnerable y discapacitados severos en el \u00e1mbito urbano, gracias a la gesti\u00f3n del Indeci y del movimiento empresarial Hombro a Hombro.<\/span><\/p>\n<p><span style=\"color: #000000;\">Esta donaci\u00f3n consiste en m\u00e1s de un mill\u00f3n de latas de pollo en conserva, equivalente a 171,360 toneladas que ayudar\u00e1 a fortalecer las defensas del cuerpo de las poblaciones m\u00e1s vulnerables y, por tanto, a tener menos probabilidades de contraer enfermedades. Precisamente, el pollo es una importante fuente de alimentaci\u00f3n, ya que es la carne m\u00e1s consumida y la prote\u00edna de origen animal m\u00e1s demandada en el pa\u00eds.<\/span><\/p>\n<p><strong><span style=\"color: #000000;\">Soporte ante emergencias<\/span><\/strong><\/p>\n<p><span style=\"color: #000000;\">Acorde con su pol\u00edtica de donaciones, que privilegia el aprovechamiento de quienes m\u00e1s lo necesitan, y la eficiencia log\u00edstica en la distribuci\u00f3n de alimentos, San Fernando eligi\u00f3 el soporte del movimiento empresarial Hombro a Hombro para distribuir sus donaciones. Para la empresa de consumo masivo el canal m\u00e1s efectivo son instituciones reconocidas en apoyar a poblaciones vulnerables en situaci\u00f3n de desastres, apoyo de campa\u00f1as y asistencia constante.<\/span><\/p>\n<p><span style=\"color: #000000;\">En esta ocasi\u00f3n, San Fernando cont\u00f3 con el apoyo de Ransa, operador log\u00edstico l\u00edder en el pa\u00eds y en Latinoam\u00e9rica, que se uni\u00f3 a esta iniciativa poniendo a disposici\u00f3n camiones de su flota que, en varios d\u00edas de jornada completa, realizaron el traslado y entrega de las 21 mil cajas de alimentos con aporte proteico desde los almacenes de San Fernando hasta el punto de acopio central en los almacenes del Instituto Nacional de Defensa Civil (Indeci) en el Callao.<\/span><\/p>\n<p><img fetchpriority=\"high\" decoding=\"async\" class=\"aligncenter size-full wp-image-67463\" src=\"http:\/\/elinformanteperu.com\/wp-content\/uploads\/2020\/03\/San-fernando-Covid-19-1.jpg\" alt=\"\" width=\"685\" height=\"510\" srcset=\"https:\/\/elinformanteperu.com\/wp-content\/uploads\/2020\/03\/San-fernando-Covid-19-1.jpg 685w, https:\/\/elinformanteperu.com\/wp-content\/uploads\/2020\/03\/San-fernando-Covid-19-1-300x223.jpg 300w, https:\/\/elinformanteperu.com\/wp-content\/uploads\/2020\/03\/San-fernando-Covid-19-1-128x95.jpg 128w, https:\/\/elinformanteperu.com\/wp-content\/uploads\/2020\/03\/San-fernando-Covid-19-1-32x24.jpg 32w\" sizes=\"(max-width: 685px) 100vw, 685px\" \/><\/p>\n","protected":false},"excerpt":{"rendered":"<p>La donaci\u00f3n equivale a m\u00e1s de 171 mil toneladas que corresponde a m\u00e1s de un mill\u00f3n de latas de pollo en conserva. Lima, 30 Marzo 2020, (El Informante Per\u00fa).- La expansi\u00f3n del COVID-19 avanza en el Per\u00fa y el mundo, generando un panorama complejo con m\u00e1s casos de infectados. Para sumar esfuerzos en la lucha [&hellip;]<\/p>\n","protected":false},"author":1,"featured_media":67462,"comment_status":"open","ping_status":"open","sticky":false,"template":"","format":"standard","meta":{"rop_custom_images_group":[],"rop_custom_messages_group":[],"rop_publish_now":"initial","rop_publish_now_accounts":[],"rop_publish_now_history":[],"rop_publish_now_status":"pending","footnotes":""},"categories":[20],"tags":[148,5407,3711],"class_list":["post-67461","post","type-post","status-publish","format-standard","has-post-thumbnail","hentry","category-eventos","tag-indeci","tag-ransa","tag-san-fernando"],"_links":{"self":[{"href":"https:\/\/elinformanteperu.com\/index.php\/wp-json\/wp\/v2\/posts\/67461","targetHints":{"allow":["GET"]}}],"collection":[{"href":"https:\/\/elinformanteperu.com\/index.php\/wp-json\/wp\/v2\/posts"}],"about":[{"href":"https:\/\/elinformanteperu.com\/index.php\/wp-json\/wp\/v2\/types\/post"}],"author":[{"embeddable":true,"href":"https:\/\/elinformanteperu.com\/index.php\/wp-json\/wp\/v2\/users\/1"}],"replies":[{"embeddable":true,"href":"https:\/\/elinformanteperu.com\/index.php\/wp-json\/wp\/v2\/comments?post=67461"}],"version-history":[{"count":3,"href":"https:\/\/elinformanteperu.com\/index.php\/wp-json\/wp\/v2\/posts\/67461\/revisions"}],"predecessor-version":[{"id":67474,"href":"https:\/\/elinformanteperu.com\/index.php\/wp-json\/wp\/v2\/posts\/67461\/revisions\/67474"}],"wp:featuredmedia":[{"embeddable":true,"href":"https:\/\/elinformanteperu.com\/index.php\/wp-json\/wp\/v2\/media\/67462"}],"wp:attachment":[{"href":"https:\/\/elinformanteperu.com\/index.php\/wp-json\/wp\/v2\/media?parent=67461"}],"wp:term":[{"taxonomy":"category","embeddable":true,"href":"https:\/\/elinformanteperu.com\/index.php\/wp-json\/wp\/v2\/categories?post=67461"},{"taxonomy":"post_tag","embeddable":true,"href":"https:\/\/elinformanteperu.com\/index.php\/wp-json\/wp\/v2\/tags?post=67461"}],"curies":[{"name":"wp","href":"https:\/\/api.w.org\/{rel}","templated":true}]}}