{"id":67452,"date":"2020-03-30T10:01:31","date_gmt":"2020-03-30T15:01:31","guid":{"rendered":"http:\/\/elinformanteperu.com\/?p=67452"},"modified":"2020-03-30T10:01:31","modified_gmt":"2020-03-30T15:01:31","slug":"los-que-incumplan-medidas-por-coronavirus-podrian-recibir-hasta-20-anos-de-prision","status":"publish","type":"post","link":"https:\/\/elinformanteperu.com\/index.php\/2020\/03\/30\/los-que-incumplan-medidas-por-coronavirus-podrian-recibir-hasta-20-anos-de-prision\/","title":{"rendered":"Los que incumplan medidas por coronavirus podr\u00edan recibir hasta 20 a\u00f1os de prisi\u00f3n"},"content":{"rendered":"<p><strong><span style=\"color: #000000;\">Los ciudadanos que, a sabiendas que tienen coronavirus y contagian a otros, violando las medidas de aislamiento decretadas por el Gobierno, podr\u00edan recibir hasta 10 a\u00f1os de prisi\u00f3n.<\/span><\/strong><\/p>\n<p><span style=\"color: #000000;\"><strong>Lima, 30 Marzo 2020, (ANDINA).-<\/strong> Los ciudadanos que, a sabiendas que tienen coronavirus y contagian a otros, violando las medidas de aislamiento decretadas por el Gobierno, podr\u00edan recibir hasta 10 a\u00f1os de prisi\u00f3n, pena que podr\u00eda agravarse y llegar a 20 a\u00f1os de c\u00e1rcel, si las personas contagiadas mueren se\u00f1al\u00f3 el ministro de Justicia, Fernando Casta\u00f1eda.<\/span><\/p>\n<p><span style=\"color: #000000;\">Seg\u00fan explic\u00f3 en sus redes sociales, el C\u00f3digo Penal (CP) establece que aquellas personas diagnosticadas con el coronavirus y a sabiendas transmiten la enfermedad a otras personas, al violar las medidas de aislamiento, podr\u00edan ir a prisi\u00f3n de tres a diez a\u00f1os.<\/span><\/p>\n<p><span style=\"color: #000000;\">Sin embargo, afirm\u00f3 que en caso de que los contagiados por esta persona sufran secuelas graves o fallezcan a causa de la enfermedad, el autor de este delito podr\u00eda ser sancionado con una pena privativa de la libertad entre diez a veinte a\u00f1os de c\u00e1rcel.<\/span><\/p>\n<p><span style=\"color: #000000;\">\u201cCon esta explicaci\u00f3n quiero ser enf\u00e1tico en que no permitiremos que la vida y la salud de los m\u00e1s vulnerables sean puestas en riesgo\u201d, expres\u00f3 en su cuenta de Twitter.<\/span><\/p>\n<p><span style=\"color: #000000;\">Afirm\u00f3 que las autoridades del sistema de justicia no permitir\u00e1n que las actitudes irresponsables de quienes desacatan las medidas de aislamiento queden impunes.<\/span><\/p>\n<p><span style=\"color: #000000;\">Asimismo, el ministro Casta\u00f1eda se\u00f1al\u00f3 que el CP se\u00f1ala que quienes incumplan las medidas contra el coronavirus tambi\u00e9n pueden ser pasibles de una pena privativa de la libertad entre seis meses a tres a\u00f1os.<\/span><\/p>\n<p><span style=\"color: #000000;\">\u201cTodas las personas que est\u00e1n siendo detenidas violando el aislamiento social obligatorio, sin justificaci\u00f3n contemplada en la norma, ser\u00e1n registradas, para que la Fiscal\u00eda las identifique y eval\u00fae los hechos, pudiendo afrontar una investigaci\u00f3n por este tipo de conductas\u201d, a\u00f1adi\u00f3 en su cuenta de Twitter.<\/span><\/p>\n","protected":false},"excerpt":{"rendered":"<p>Los ciudadanos que, a sabiendas que tienen coronavirus y contagian a otros, violando las medidas de aislamiento decretadas por el Gobierno, podr\u00edan recibir hasta 10 a\u00f1os de prisi\u00f3n. Lima, 30 Marzo 2020, (ANDINA).- Los ciudadanos que, a sabiendas que tienen coronavirus y contagian a otros, violando las medidas de aislamiento decretadas por el Gobierno, podr\u00edan [&hellip;]<\/p>\n","protected":false},"author":1,"featured_media":67150,"comment_status":"open","ping_status":"open","sticky":false,"template":"","format":"standard","meta":{"rop_custom_images_group":[],"rop_custom_messages_group":[],"rop_publish_now":"initial","rop_publish_now_accounts":[],"rop_publish_now_history":[],"rop_publish_now_status":"pending","footnotes":""},"categories":[5],"tags":[5236,5364,5310,2396],"class_list":["post-67452","post","type-post","status-publish","format-standard","has-post-thumbnail","hentry","category-actualidad-informativa","tag-coronavirus","tag-covid-19","tag-fernando-castaneda","tag-minjus"],"_links":{"self":[{"href":"https:\/\/elinformanteperu.com\/index.php\/wp-json\/wp\/v2\/posts\/67452","targetHints":{"allow":["GET"]}}],"collection":[{"href":"https:\/\/elinformanteperu.com\/index.php\/wp-json\/wp\/v2\/posts"}],"about":[{"href":"https:\/\/elinformanteperu.com\/index.php\/wp-json\/wp\/v2\/types\/post"}],"author":[{"embeddable":true,"href":"https:\/\/elinformanteperu.com\/index.php\/wp-json\/wp\/v2\/users\/1"}],"replies":[{"embeddable":true,"href":"https:\/\/elinformanteperu.com\/index.php\/wp-json\/wp\/v2\/comments?post=67452"}],"version-history":[{"count":1,"href":"https:\/\/elinformanteperu.com\/index.php\/wp-json\/wp\/v2\/posts\/67452\/revisions"}],"predecessor-version":[{"id":67453,"href":"https:\/\/elinformanteperu.com\/index.php\/wp-json\/wp\/v2\/posts\/67452\/revisions\/67453"}],"wp:featuredmedia":[{"embeddable":true,"href":"https:\/\/elinformanteperu.com\/index.php\/wp-json\/wp\/v2\/media\/67150"}],"wp:attachment":[{"href":"https:\/\/elinformanteperu.com\/index.php\/wp-json\/wp\/v2\/media?parent=67452"}],"wp:term":[{"taxonomy":"category","embeddable":true,"href":"https:\/\/elinformanteperu.com\/index.php\/wp-json\/wp\/v2\/categories?post=67452"},{"taxonomy":"post_tag","embeddable":true,"href":"https:\/\/elinformanteperu.com\/index.php\/wp-json\/wp\/v2\/tags?post=67452"}],"curies":[{"name":"wp","href":"https:\/\/api.w.org\/{rel}","templated":true}]}}