{"id":67450,"date":"2020-03-30T09:58:42","date_gmt":"2020-03-30T14:58:42","guid":{"rendered":"http:\/\/elinformanteperu.com\/?p=67450"},"modified":"2020-03-30T09:58:42","modified_gmt":"2020-03-30T14:58:42","slug":"congresistas-deben-escuchar-parte-tecnica-ante-propuestas-de-retiro-de-fondos-de-afp","status":"publish","type":"post","link":"https:\/\/elinformanteperu.com\/index.php\/2020\/03\/30\/congresistas-deben-escuchar-parte-tecnica-ante-propuestas-de-retiro-de-fondos-de-afp\/","title":{"rendered":"Congresistas deben escuchar parte t\u00e9cnica ante propuestas de retiro de fondos de AFP"},"content":{"rendered":"<p><strong><span style=\"color: #000000;\">El presidente del Congreso, Manuel Merino de Lama, hizo un llamado a los parlamentarios a escuchar la parte t\u00e9cnica respecto a un posible retiro de parte del dinero de las AFP.<\/span><\/strong><\/p>\n<p><span style=\"color: #000000;\"><strong>Lima, 30 Marzo 2020, (ANDINA).-<\/strong> El presidente del Congreso, Manuel Merino de Lama, hizo un llamado a los parlamentarios a escuchar la parte t\u00e9cnica respecto a un posible retiro de parte del dinero de las Administradoras de Fondos de Pensiones (AFP), tal como proponen algunas iniciativas de ley.<\/span><\/p>\n<p><span style=\"color: #000000;\">Indic\u00f3 que al conocer esta iniciativa sostuvieron, junto con parte de la Mesa Directiva, una reuni\u00f3n con la ministra de Econom\u00eda y Finanzas, Mar\u00eda Antonieta Alva, quien les expres\u00f3 \u00abuna profunda preocupaci\u00f3n ante un retiro de fondos\u00bb.<\/span><\/p>\n<p><span style=\"color: #000000;\">\u00abDebatiremos y se evaluar\u00e1 por lo que esperamos que la ministra vaya a al Parlamento para explicarnos sobre su preocupaci\u00f3n, entonces, mal har\u00eda en dar un adelanto sobre mi posici\u00f3n como presidente del Congreso. No es un tema de hacer pol\u00edtica barata (&#8230;) y como director de debates debo llamar a los parlamentario a no poner solo cifras, sino escuchar la parte t\u00e9cnica\u00bb, dijo en Canal N.<\/span><\/p>\n<p><span style=\"color: #000000;\">Merino sostuvo que el Congreso deber\u00e1 evaluar qu\u00e9 hacer, por ejemplo, con el caso de aquellas personas que est\u00e1n a solo dos a\u00f1os de jubilarse y que al retirar ahora asumir\u00edan la p\u00e9rdida de sus fondos, pero tambi\u00e9n ver qu\u00e9 se hace con quienes tienen m\u00e1s a\u00f1os para jubilar.<\/span><\/p>\n<p><span style=\"color: #000000;\">\u00abHay que evaluarlo en esos puntos y lo que mejor convenga es en el marco de lo que piensan los partidos representados en el Parlamento y el Poder Ejecutivo y, posteriormente, se tomar\u00e1 la mejor decisi\u00f3n\u00bb, a\u00f1adi\u00f3.<\/span><\/p>\n<p><span style=\"color: #000000;\">En ese sentido, explic\u00f3 que se presentaron varias iniciativas sobre el retiro de fondos de las AFP, pues existe un clamor de los aportadores, pero \u00abes necesario hacer un an\u00e1lisis profundo en lo econ\u00f3mico y t\u00e9cnico\u00bb.<\/span><\/p>\n<p><strong><span style=\"color: #000000;\">Ley de protecci\u00f3n policial<\/span><\/strong><\/p>\n<p><span style=\"color: #000000;\">Respecto a la promulgaci\u00f3n de la Ley 31012 (Ley de protecci\u00f3n policial) afirm\u00f3 que esta fue aprobada por el disuelto Congreso durante finales del a\u00f1o pasado, pero que al no ser observada o promulgada por el Poder Ejecutivo, tuvieron que hacerlo sino se hubieran sido pasibles de una denuncia constitucional.<\/span><\/p>\n<p><span style=\"color: #000000;\">\u00abEsta norma aprobada ha generado un poco de posiciones encontradas, pero lo que puedo decir es que esta ley no le da impunidad a la polic\u00eda\u00bb, explic\u00f3.<\/span><\/p>\n<p><span style=\"color: #000000;\">En ese sentido, coment\u00f3 que la Comisi\u00f3n Permanente, que funcion\u00f3 durante el interregno de un Parlamento disuelto, debi\u00f3 promulgarla, pero no lo hizo y la dej\u00f3 para el nuevo Congreso.<\/span><\/p>\n<p><strong><span style=\"color: #000000;\">Contralor\u00eda<\/span><\/strong><\/p>\n<p><span style=\"color: #000000;\">En cuanto a otorgar el control concurrente a la Contralor\u00eda General de la Rep\u00fablica, solicitado en las facultades legislativas por el Poder Ejecutivo, explic\u00f3 que se retir\u00f3 el punto 11 de esta solicitud debido a que existe una iniciativa mucho m\u00e1s amplia sobre estas acciones que puede tomar el organismo contralor.<\/span><\/p>\n<p><span style=\"color: #000000;\">\u00abEl presidente de la Rep\u00fablica solicit\u00f3 el control concurrente ante la existencia del Covid-19 y por eso tomamos decisi\u00f3n de invitar al titular del Consejo de Ministros y al contralor para que expliquen sus posiciones y luego tomemos una decisi\u00f3n\u00bb, refiri\u00f3.<\/span><\/p>\n<p><span style=\"color: #000000;\">Por \u00faltimo, adelant\u00f3 que el pr\u00f3ximo martes se definir\u00e1 en Junta de Portavoces las iniciativas que se ver\u00e1n en el primer pleno virtual del Congreso, que ser\u00eda el jueves o viernes de la pr\u00f3xima semana.<\/span><\/p>\n","protected":false},"excerpt":{"rendered":"<p>El presidente del Congreso, Manuel Merino de Lama, hizo un llamado a los parlamentarios a escuchar la parte t\u00e9cnica respecto a un posible retiro de parte del dinero de las AFP. Lima, 30 Marzo 2020, (ANDINA).- El presidente del Congreso, Manuel Merino de Lama, hizo un llamado a los parlamentarios a escuchar la parte t\u00e9cnica [&hellip;]<\/p>\n","protected":false},"author":1,"featured_media":64998,"comment_status":"open","ping_status":"open","sticky":false,"template":"","format":"standard","meta":{"rop_custom_images_group":[],"rop_custom_messages_group":[],"rop_publish_now":"initial","rop_publish_now_accounts":[],"rop_publish_now_history":[],"rop_publish_now_status":"pending","footnotes":""},"categories":[5],"tags":[326,1760,2613,192,5299],"class_list":["post-67450","post","type-post","status-publish","format-standard","has-post-thumbnail","hentry","category-actualidad-informativa","tag-accion-popular","tag-afp","tag-ap","tag-congreso","tag-manuel-merino-de-lama"],"_links":{"self":[{"href":"https:\/\/elinformanteperu.com\/index.php\/wp-json\/wp\/v2\/posts\/67450","targetHints":{"allow":["GET"]}}],"collection":[{"href":"https:\/\/elinformanteperu.com\/index.php\/wp-json\/wp\/v2\/posts"}],"about":[{"href":"https:\/\/elinformanteperu.com\/index.php\/wp-json\/wp\/v2\/types\/post"}],"author":[{"embeddable":true,"href":"https:\/\/elinformanteperu.com\/index.php\/wp-json\/wp\/v2\/users\/1"}],"replies":[{"embeddable":true,"href":"https:\/\/elinformanteperu.com\/index.php\/wp-json\/wp\/v2\/comments?post=67450"}],"version-history":[{"count":1,"href":"https:\/\/elinformanteperu.com\/index.php\/wp-json\/wp\/v2\/posts\/67450\/revisions"}],"predecessor-version":[{"id":67451,"href":"https:\/\/elinformanteperu.com\/index.php\/wp-json\/wp\/v2\/posts\/67450\/revisions\/67451"}],"wp:featuredmedia":[{"embeddable":true,"href":"https:\/\/elinformanteperu.com\/index.php\/wp-json\/wp\/v2\/media\/64998"}],"wp:attachment":[{"href":"https:\/\/elinformanteperu.com\/index.php\/wp-json\/wp\/v2\/media?parent=67450"}],"wp:term":[{"taxonomy":"category","embeddable":true,"href":"https:\/\/elinformanteperu.com\/index.php\/wp-json\/wp\/v2\/categories?post=67450"},{"taxonomy":"post_tag","embeddable":true,"href":"https:\/\/elinformanteperu.com\/index.php\/wp-json\/wp\/v2\/tags?post=67450"}],"curies":[{"name":"wp","href":"https:\/\/api.w.org\/{rel}","templated":true}]}}