{"id":67444,"date":"2020-03-30T09:45:51","date_gmt":"2020-03-30T14:45:51","guid":{"rendered":"http:\/\/elinformanteperu.com\/?p=67444"},"modified":"2020-03-30T09:45:51","modified_gmt":"2020-03-30T14:45:51","slug":"osinergmin-invoco-a-empresas-del-sector-evitar-corte-por-falta-de-pago","status":"publish","type":"post","link":"https:\/\/elinformanteperu.com\/index.php\/2020\/03\/30\/osinergmin-invoco-a-empresas-del-sector-evitar-corte-por-falta-de-pago\/","title":{"rendered":"Osinergmin invoc\u00f3 a empresas del sector evitar corte por falta de pago"},"content":{"rendered":"<p><strong><span style=\"color: #000000;\">El Osinergmin invoc\u00f3 a las empresas el\u00e9ctricas y de gas natural evitar los cortes de estos servicios b\u00e1sicos por falta de pago, durante el periodo de emergencia nacional.<\/span><\/strong><\/p>\n<p><span style=\"color: #000000;\"><strong>Lima, 30 Marzo 2020, (ANDINA).-<\/strong> El Organismo Supervisor de la Inversi\u00f3n en Energ\u00eda y Miner\u00eda (Osinergmin) invoc\u00f3 a las empresas el\u00e9ctricas y de gas natural para que eviten los cortes de estos servicios b\u00e1sicos por falta de pago, durante el periodo de emergencia nacional.<\/span><\/p>\n<p><span style=\"color: #000000;\">El ente supervisor hizo esta invocaci\u00f3n con el objetivo de aliviar la grave situaci\u00f3n que viene afectando a muchos usuarios.<\/span><\/p>\n<p><span style=\"color: #000000;\">Seg\u00fan inform\u00f3, viene recibiendo con preocupaci\u00f3n m\u00faltiples consultas y muestras de incertidumbre de usuarios frente a pr\u00f3ximos cortes de servicio el\u00e9ctrico o de gas natural debido a la falta de pago.<\/span><\/p>\n<p><span style=\"color: #000000;\">Osinergmin explic\u00f3 que la normativa referente a la disposici\u00f3n de cortes de servicio se encuentra tanto en la Ley de Concesiones El\u00e9ctricas, como en el Reglamento de Distribuci\u00f3n de Gas Natural. En ese sentido, Osinergmin no cuenta con la facultad de disponer modificaciones a las referidas disposiciones.<\/span><\/p>\n<p><span style=\"color: #000000;\">Si bien hay algunas empresas que ya han informado a la ciudadan\u00eda que no van a proceder con cortes de servicio el\u00e9ctrico o de gas natural por falta de pago durante dos meses consecutivos, no es el caso de todas.<\/span><\/p>\n<p><span style=\"color: #000000;\">Es por ello que el organismo supervisor realiz\u00f3 la respectiva invocaci\u00f3n a estas empresas y solicit\u00f3 que se den alternativas o propuestas en ese sentido.<\/span><\/p>\n<p><strong><span style=\"color: #000000;\">Constante supervisi\u00f3n a nivel nacional<\/span><\/strong><\/p>\n<p><span style=\"color: #000000;\">Osinergmin reiter\u00f3 que su labor de supervisi\u00f3n para garantizar la continuidad del servicio el\u00e9ctrico y el abastecimiento de combustibles contin\u00faa a nivel nacional, con equipos t\u00e9cnicos en cada regi\u00f3n.<\/span><\/p>\n<p><span style=\"color: #000000;\">La supervisi\u00f3n se realiza principalmente de modo remoto, sin embargo, de ser absolutamente indispensable, se efect\u00faa de modo presencial.<\/span><\/p>\n","protected":false},"excerpt":{"rendered":"<p>El Osinergmin invoc\u00f3 a las empresas el\u00e9ctricas y de gas natural evitar los cortes de estos servicios b\u00e1sicos por falta de pago, durante el periodo de emergencia nacional. Lima, 30 Marzo 2020, (ANDINA).- El Organismo Supervisor de la Inversi\u00f3n en Energ\u00eda y Miner\u00eda (Osinergmin) invoc\u00f3 a las empresas el\u00e9ctricas y de gas natural para que [&hellip;]<\/p>\n","protected":false},"author":1,"featured_media":67445,"comment_status":"open","ping_status":"open","sticky":false,"template":"","format":"standard","meta":{"rop_custom_images_group":[],"rop_custom_messages_group":[],"rop_publish_now":"initial","rop_publish_now_accounts":[],"rop_publish_now_history":[],"rop_publish_now_status":"pending","footnotes":""},"categories":[10],"tags":[5236,5364,434],"class_list":["post-67444","post","type-post","status-publish","format-standard","has-post-thumbnail","hentry","category-actualidad-municipal","tag-coronavirus","tag-covid-19","tag-osinergmin"],"_links":{"self":[{"href":"https:\/\/elinformanteperu.com\/index.php\/wp-json\/wp\/v2\/posts\/67444","targetHints":{"allow":["GET"]}}],"collection":[{"href":"https:\/\/elinformanteperu.com\/index.php\/wp-json\/wp\/v2\/posts"}],"about":[{"href":"https:\/\/elinformanteperu.com\/index.php\/wp-json\/wp\/v2\/types\/post"}],"author":[{"embeddable":true,"href":"https:\/\/elinformanteperu.com\/index.php\/wp-json\/wp\/v2\/users\/1"}],"replies":[{"embeddable":true,"href":"https:\/\/elinformanteperu.com\/index.php\/wp-json\/wp\/v2\/comments?post=67444"}],"version-history":[{"count":1,"href":"https:\/\/elinformanteperu.com\/index.php\/wp-json\/wp\/v2\/posts\/67444\/revisions"}],"predecessor-version":[{"id":67446,"href":"https:\/\/elinformanteperu.com\/index.php\/wp-json\/wp\/v2\/posts\/67444\/revisions\/67446"}],"wp:featuredmedia":[{"embeddable":true,"href":"https:\/\/elinformanteperu.com\/index.php\/wp-json\/wp\/v2\/media\/67445"}],"wp:attachment":[{"href":"https:\/\/elinformanteperu.com\/index.php\/wp-json\/wp\/v2\/media?parent=67444"}],"wp:term":[{"taxonomy":"category","embeddable":true,"href":"https:\/\/elinformanteperu.com\/index.php\/wp-json\/wp\/v2\/categories?post=67444"},{"taxonomy":"post_tag","embeddable":true,"href":"https:\/\/elinformanteperu.com\/index.php\/wp-json\/wp\/v2\/tags?post=67444"}],"curies":[{"name":"wp","href":"https:\/\/api.w.org\/{rel}","templated":true}]}}