{"id":67435,"date":"2020-03-30T09:24:13","date_gmt":"2020-03-30T14:24:13","guid":{"rendered":"http:\/\/elinformanteperu.com\/?p=67435"},"modified":"2020-03-30T09:24:13","modified_gmt":"2020-03-30T14:24:13","slug":"ejecutivo-presentara-su-propuesta-para-retiro-parcial-de-fondos-de-afp","status":"publish","type":"post","link":"https:\/\/elinformanteperu.com\/index.php\/2020\/03\/30\/ejecutivo-presentara-su-propuesta-para-retiro-parcial-de-fondos-de-afp\/","title":{"rendered":"Ejecutivo presentar\u00e1 su propuesta para retiro parcial de fondos de AFP"},"content":{"rendered":"<p><strong><span style=\"color: #000000;\">La ministra de Econom\u00eda y Finanzas, Mar\u00eda Antonieta Alva, anunci\u00f3 que el Ejecutivo presentar\u00e1 su propuesta para el retiro parcial del fondo de las AFP.<\/span><\/strong><\/p>\n<p><span style=\"color: #000000;\"><strong>Lima, 29 Marzo 2020, (ANDINA).-<\/strong> La ministra de Econom\u00eda y Finanzas, Mar\u00eda Antonieta Alva, anunci\u00f3 que el Ejecutivo presentar\u00e1 su propuesta para el retiro parcial del fondo de las AFP, a favor de un grupo de aportantes que necesitan liquidez y no pueden esperar a la recuperaci\u00f3n del valor perdido.<\/span><\/p>\n<p><span style=\"color: #000000;\">Refiri\u00f3 que la iniciativa presentada en el Congreso para liberar el 25% de los fondos de las AFP a favor de sus afiliados, es una medida masiva que solamente ocasionar\u00e1 que los aportantes tengan p\u00e9rdidas reales, en el actual contexto de la crisis internacional ocasionada por la pandemia del coronavirus.<\/span><\/p>\n<p><span style=\"color: #000000;\">\u201cUna medida como esta solamente puede acentuar la crisis, esto no significa que como Gobierno no entendamos que hay un porcentaje de la poblaci\u00f3n que necesita recursos y que no puede esperar la recuperaci\u00f3n de los fondos y en esa l\u00ednea estamos como Ejecutivo presentando ma\u00f1ana en el Consejo de Ministros una propuesta\u201d, dijo.<\/span><\/p>\n<p><span style=\"color: #000000;\">La titular del Ministerio de Econom\u00eda y Finanzas (MEF) indic\u00f3 que desde el Ejecutivo s\u00ed consideran que hay espacio para retirar parte de los fondos.<\/span><\/p>\n<p><span style=\"color: #000000;\">\u201cNosotros creemos que s\u00ed hay espacio para una medida muy acotada, justamente para atender a la poblaci\u00f3n m\u00e1s vulnerable\u201d, subray\u00f3 en Latina.<\/span><\/p>\n<p><strong><span style=\"color: #000000;\">Reforma del sistema de pensiones<\/span><\/strong><\/p>\n<p><span style=\"color: #000000;\">De otro lado, consider\u00f3 que se necesita una reforma integral del sistema de pensiones en el pa\u00eds.<\/span><\/p>\n<p><span style=\"color: #000000;\">\u201cEs evidente que nuestro sistema de pensiones no est\u00e1 garantizando pensiones dignas a la mayor\u00eda de los ciudadanos, es evidente que tenemos que trabajar en una reforma integral, es importante que digamos que necesitamos un sistema financiero saludable\u201d, puntualiz\u00f3.<\/span><\/p>\n<p><span style=\"color: #000000;\">El fondo que administran las AFP asciende a unos 150,000 millones de soles, y el 25% representa unos 38,000 millones de soles. Estos recursos est\u00e1n invertidos en instrumentos financieros dentro y fuera del pa\u00eds, los cuales ahora est\u00e1n afectados en valor por la pandemia del coronavirus, seg\u00fan refiere la Asociaci\u00f3n de AFP.<\/span><\/p>\n","protected":false},"excerpt":{"rendered":"<p>La ministra de Econom\u00eda y Finanzas, Mar\u00eda Antonieta Alva, anunci\u00f3 que el Ejecutivo presentar\u00e1 su propuesta para el retiro parcial del fondo de las AFP. Lima, 29 Marzo 2020, (ANDINA).- La ministra de Econom\u00eda y Finanzas, Mar\u00eda Antonieta Alva, anunci\u00f3 que el Ejecutivo presentar\u00e1 su propuesta para el retiro parcial del fondo de las AFP, [&hellip;]<\/p>\n","protected":false},"author":1,"featured_media":67436,"comment_status":"open","ping_status":"open","sticky":false,"template":"","format":"standard","meta":{"rop_custom_images_group":[],"rop_custom_messages_group":[],"rop_publish_now":"initial","rop_publish_now_accounts":[],"rop_publish_now_history":[],"rop_publish_now_status":"pending","footnotes":""},"categories":[5],"tags":[1760,5236,5364,4900,315,314],"class_list":["post-67435","post","type-post","status-publish","format-standard","has-post-thumbnail","hentry","category-actualidad-informativa","tag-afp","tag-coronavirus","tag-covid-19","tag-maria-antonieta-alva","tag-mef","tag-ministerio-de-economia-y-finanzas"],"_links":{"self":[{"href":"https:\/\/elinformanteperu.com\/index.php\/wp-json\/wp\/v2\/posts\/67435","targetHints":{"allow":["GET"]}}],"collection":[{"href":"https:\/\/elinformanteperu.com\/index.php\/wp-json\/wp\/v2\/posts"}],"about":[{"href":"https:\/\/elinformanteperu.com\/index.php\/wp-json\/wp\/v2\/types\/post"}],"author":[{"embeddable":true,"href":"https:\/\/elinformanteperu.com\/index.php\/wp-json\/wp\/v2\/users\/1"}],"replies":[{"embeddable":true,"href":"https:\/\/elinformanteperu.com\/index.php\/wp-json\/wp\/v2\/comments?post=67435"}],"version-history":[{"count":1,"href":"https:\/\/elinformanteperu.com\/index.php\/wp-json\/wp\/v2\/posts\/67435\/revisions"}],"predecessor-version":[{"id":67437,"href":"https:\/\/elinformanteperu.com\/index.php\/wp-json\/wp\/v2\/posts\/67435\/revisions\/67437"}],"wp:featuredmedia":[{"embeddable":true,"href":"https:\/\/elinformanteperu.com\/index.php\/wp-json\/wp\/v2\/media\/67436"}],"wp:attachment":[{"href":"https:\/\/elinformanteperu.com\/index.php\/wp-json\/wp\/v2\/media?parent=67435"}],"wp:term":[{"taxonomy":"category","embeddable":true,"href":"https:\/\/elinformanteperu.com\/index.php\/wp-json\/wp\/v2\/categories?post=67435"},{"taxonomy":"post_tag","embeddable":true,"href":"https:\/\/elinformanteperu.com\/index.php\/wp-json\/wp\/v2\/tags?post=67435"}],"curies":[{"name":"wp","href":"https:\/\/api.w.org\/{rel}","templated":true}]}}