{"id":67432,"date":"2020-03-30T09:21:13","date_gmt":"2020-03-30T14:21:13","guid":{"rendered":"http:\/\/elinformanteperu.com\/?p=67432"},"modified":"2020-03-30T09:21:13","modified_gmt":"2020-03-30T14:21:13","slug":"ministra-de-trabajo-la-propuesta-del-gobierno-es-preservar-los-empleos","status":"publish","type":"post","link":"https:\/\/elinformanteperu.com\/index.php\/2020\/03\/30\/ministra-de-trabajo-la-propuesta-del-gobierno-es-preservar-los-empleos\/","title":{"rendered":"Ministra de Trabajo: la propuesta del Gobierno es preservar los empleos"},"content":{"rendered":"<p><strong><span style=\"color: #000000;\">El Gobierno no escatimar\u00e1 esfuerzos para garantizar la sostenibilidad de las empresas y, por consiguiente, la estabilidad de los puestos de trabajo.<\/span><\/strong><\/p>\n<p><span style=\"color: #000000;\"><strong>Lima, 29 Marzo 2020, (ANDINA).-<\/strong> El Gobierno no escatimar\u00e1 esfuerzos para garantizar la sostenibilidad de las empresas y, por consiguiente, la estabilidad de los puestos de trabajo una vez terminada la cuarentena para contener el contagio del coronavirus (Covid-19), manifest\u00f3 la ministra de Trabajo, Sylvia C\u00e1ceres.<\/span><\/p>\n<p><span style=\"color: #000000;\">En tal sentido, dijo que el sector Trabajo tiene entre sus prioridades, en coordinaci\u00f3n con los sectores productivos, garantizar y dotar a los trabajadores de mecanismos de protecci\u00f3n para que no se encuentren en la precariedad o amenaza de una mayor informalidad.<\/span><\/p>\n<p><span style=\"color: #000000;\">C\u00e1ceres se\u00f1al\u00f3 que, en el campo laboral, el Gobierno ha adoptado medidas de protecci\u00f3n que han sido muy claras, tales como la la licencia con goce de haber con una cuota de sacrificio de las empresas en los primeros 15 d\u00edas de la cuarentena.<\/span><\/p>\n<p><span style=\"color: #000000;\">\u201cTambi\u00e9n se han visto medidas asociadas a la necesidad de inyectarles liquidez a los trabajadores porque somos conscientes de que la suspensi\u00f3n de varias actividades que no son consideradas esenciales est\u00e1n generando problemas de liquidez para los trabajadores\u201d, anot\u00f3.<\/span><\/p>\n<p><span style=\"color: #000000;\">En esa misma l\u00ednea, C\u00e1ceres sostuvo que la propuesta del Gobierno es mantener los puestos de trabajo en la administraci\u00f3n p\u00fablica, para lo cual se est\u00e1 implementando el trabajo remoto, figura que ha sido creada para esta situaci\u00f3n de crisis y de aislamiento obligatorio.<\/span><\/p>\n<p><span style=\"color: #000000;\">\u00abLa propuesta es mantener los empleos y el sector p\u00fablico da el ejemplo en ese sentido\u00bb, subray\u00f3.<\/span><\/p>\n<p><span style=\"color: #000000;\">C\u00e1ceres se\u00f1al\u00f3, asimismo, que el Gobierno est\u00e1 adoptando un conjunto de medidas que buscan generar un espacio de confianza para las empresas, definiendo el pago de obligaciones tributarias, inyectando recursos para las microempresas a trav\u00e9s de un fondo de 300 millones de soles que hace posible el acceso a cr\u00e9dito para capital de trabajo.<\/span><\/p>\n<p><span style=\"color: #000000;\">Inform\u00f3 que tambi\u00e9n se est\u00e1 entregando un bono de 380 soles para los independientes, que est\u00e1n muy cerca a la l\u00ednea de pobreza y que tienen una situaci\u00f3n de vulnerabilidad especial.<\/span><\/p>\n<p><span style=\"color: #000000;\">Precis\u00f3 que se trata de 780,000 hogares, donde uno de sus miembros viven del d\u00eda a d\u00eda, que no ha recibido el bono del Midis, que no tienen una relaci\u00f3n de trabajo tanto en el sector p\u00fablico como en el privado, que sus ingresos no superen los 1,100 soles al mes, que su recibo de electricidad no supere los 56 soles al mes y que su l\u00ednea cr\u00e9dito no supere los 2,000 soles.<\/span><\/p>\n<p><span style=\"color: #000000;\">\u00abTodos estos requisitos son criterios para seleccionar cu\u00e1les ser\u00e1n estos m\u00e1s de 780,000, cuyo uno de sus miembros recibir\u00e1 380 soles\u00bb, indic\u00f3.<\/span><\/p>\n","protected":false},"excerpt":{"rendered":"<p>El Gobierno no escatimar\u00e1 esfuerzos para garantizar la sostenibilidad de las empresas y, por consiguiente, la estabilidad de los puestos de trabajo. Lima, 29 Marzo 2020, (ANDINA).- El Gobierno no escatimar\u00e1 esfuerzos para garantizar la sostenibilidad de las empresas y, por consiguiente, la estabilidad de los puestos de trabajo una vez terminada la cuarentena para [&hellip;]<\/p>\n","protected":false},"author":1,"featured_media":67433,"comment_status":"open","ping_status":"open","sticky":false,"template":"","format":"standard","meta":{"rop_custom_images_group":[],"rop_custom_messages_group":[],"rop_publish_now":"initial","rop_publish_now_accounts":[],"rop_publish_now_history":[],"rop_publish_now_status":"pending","footnotes":""},"categories":[5],"tags":[5236,5364,320,1850,4367],"class_list":["post-67432","post","type-post","status-publish","format-standard","has-post-thumbnail","hentry","category-actualidad-informativa","tag-coronavirus","tag-covid-19","tag-ministerio-de-trabajo","tag-mtpe","tag-sylvia-caceres"],"_links":{"self":[{"href":"https:\/\/elinformanteperu.com\/index.php\/wp-json\/wp\/v2\/posts\/67432","targetHints":{"allow":["GET"]}}],"collection":[{"href":"https:\/\/elinformanteperu.com\/index.php\/wp-json\/wp\/v2\/posts"}],"about":[{"href":"https:\/\/elinformanteperu.com\/index.php\/wp-json\/wp\/v2\/types\/post"}],"author":[{"embeddable":true,"href":"https:\/\/elinformanteperu.com\/index.php\/wp-json\/wp\/v2\/users\/1"}],"replies":[{"embeddable":true,"href":"https:\/\/elinformanteperu.com\/index.php\/wp-json\/wp\/v2\/comments?post=67432"}],"version-history":[{"count":1,"href":"https:\/\/elinformanteperu.com\/index.php\/wp-json\/wp\/v2\/posts\/67432\/revisions"}],"predecessor-version":[{"id":67434,"href":"https:\/\/elinformanteperu.com\/index.php\/wp-json\/wp\/v2\/posts\/67432\/revisions\/67434"}],"wp:featuredmedia":[{"embeddable":true,"href":"https:\/\/elinformanteperu.com\/index.php\/wp-json\/wp\/v2\/media\/67433"}],"wp:attachment":[{"href":"https:\/\/elinformanteperu.com\/index.php\/wp-json\/wp\/v2\/media?parent=67432"}],"wp:term":[{"taxonomy":"category","embeddable":true,"href":"https:\/\/elinformanteperu.com\/index.php\/wp-json\/wp\/v2\/categories?post=67432"},{"taxonomy":"post_tag","embeddable":true,"href":"https:\/\/elinformanteperu.com\/index.php\/wp-json\/wp\/v2\/tags?post=67432"}],"curies":[{"name":"wp","href":"https:\/\/api.w.org\/{rel}","templated":true}]}}