{"id":67429,"date":"2020-03-30T09:01:46","date_gmt":"2020-03-30T14:01:46","guid":{"rendered":"http:\/\/elinformanteperu.com\/?p=67429"},"modified":"2020-03-30T09:01:46","modified_gmt":"2020-03-30T14:01:46","slug":"mef-gobierno-destinara-12-puntos-del-pbi-para-enfrentar-el-coronavirus","status":"publish","type":"post","link":"https:\/\/elinformanteperu.com\/index.php\/2020\/03\/30\/mef-gobierno-destinara-12-puntos-del-pbi-para-enfrentar-el-coronavirus\/","title":{"rendered":"MEF: Gobierno destinar\u00e1 12 puntos del PBI para enfrentar el coronavirus"},"content":{"rendered":"<p><strong><span style=\"color: #000000;\">La ministra de Econom\u00eda y Finanzas, Mar\u00eda Antonieta Alva indic\u00f3 que el Gobierno destinar\u00e1 recursos equivalentes a 12 puntos del Producto Bruto Interno (PBI) del pa\u00eds.<\/span><\/strong><\/p>\n<p><span style=\"color: #000000;\"><strong>Lima, 29 Marzo 2020, (ANDINA).-<\/strong> La ministra de Econom\u00eda y Finanzas, Mar\u00eda Antonieta Alva indic\u00f3 que el Gobierno destinar\u00e1 recursos equivalentes a 12 puntos del Producto Bruto Interno (PBI) del pa\u00eds para enfrentar la emergencia del coronavirus.<\/span><\/p>\n<p><span style=\"color: #000000;\">Refiri\u00f3 que el impacto econ\u00f3mico que est\u00e1 sucediendo no tiene precedentes y el plan econ\u00f3mico que se va a aplicar tiene que ser sin precedentes, y asegur\u00f3 que el pa\u00eds cuenta con la espalda fiscal para tomar medidas audaces pero necesarias.<\/span><\/p>\n<p><span style=\"color: #000000;\">\u201cComo Gobierno vamos a hacer todos los esfuerzos que sean necesarios, por ahora hemos previsto 12 puntos del PBI, si se requiere m\u00e1s se va dar m\u00e1s, lo importante para nosotros es proteger el empleo y obviamente salir lo m\u00e1s pronto posible del coronavirus para iniciar el proceso de reactivaci\u00f3n econ\u00f3mica\u201d, explic\u00f3 en Cuarto Poder.<\/span><\/p>\n<p><span style=\"color: #000000;\">Asimismo indic\u00f3 que el plan econ\u00f3mico del Gobierno para enfrentar la pandemia del coronavirus, tiene dos etapas, una es de contenci\u00f3n y otra de reactivaci\u00f3n.<\/span><\/p>\n<p><span style=\"color: #000000;\">\u201cEn la etapa de contenci\u00f3n estimamos que vamos a gastar en una fase 30,000 millones de soles, hay una segunda fase de la contenci\u00f3n que ya la ha anunciado el presidente del Banco Central de Reserva, un esquema de garant\u00edas para pr\u00e9stamos de las empresas que son otros 30,000 millones de soles y otra etapa de reactivaci\u00f3n, estamos previendo otros 30,000 millones de soles\u201d, explic\u00f3.<\/span><\/p>\n<p><strong><span style=\"color: #000000;\">Protecci\u00f3n del empleo y cadena de pagos<\/span><\/strong><\/p>\n<p><span style=\"color: #000000;\">Refiri\u00f3 que la medida que trabaja con el Banco Central de Reserva es para permitir que las empresas contin\u00faen funcionando.<\/span><\/p>\n<p><span style=\"color: #000000;\">\u201cAl final del d\u00eda queremos que las empresas sigan vivas, porque las empresas dan empleo, ac\u00e1 lo que se trata es preservar el empleo. Esta crisis est\u00e1 afectando sin importar el tama\u00f1o de las empresas, es una crisis generalizada, que puede estar afectando empresas grandes, medianas y chicas\u201d, dijo.<\/span><\/p>\n<p><span style=\"color: #000000;\">En ese sentido, explic\u00f3 que los esfuerzos est\u00e1n orientados a preservar la cadena de pagos en la econom\u00eda nacional, y para ello han pedido facultades legislativas en temas tributarios al Congreso de la Rep\u00fablica.<\/span><\/p>\n<p><span style=\"color: #000000;\">En el caso del sector turismo, se\u00f1al\u00f3 que para reconstruirlo, probablemente aplicar\u00e1n una combinaci\u00f3n de diversos instrumentos como subsidios y algunos beneficios tributarios.<\/span><\/p>\n<p><span style=\"color: #000000;\">Asimismo, exhort\u00f3 a todos los sectores del pa\u00eds a tomar parte en la contenci\u00f3n del coronavirus.<\/span><\/p>\n<p><span style=\"color: #000000;\">\u201cNosotros como Gobierno estamos haciendo los mayores esfuerzos para multiplicar nuestra capacidad de atender a las personas vulnerables. Hemos pedido el apoyo de los gobiernos locales y regionales, pero necesitamos el apoyo de los ciudadanos que se queden en su casa para poder contener el virus\u201d, puntualiz\u00f3.<\/span><\/p>\n","protected":false},"excerpt":{"rendered":"<p>La ministra de Econom\u00eda y Finanzas, Mar\u00eda Antonieta Alva indic\u00f3 que el Gobierno destinar\u00e1 recursos equivalentes a 12 puntos del Producto Bruto Interno (PBI) del pa\u00eds. Lima, 29 Marzo 2020, (ANDINA).- La ministra de Econom\u00eda y Finanzas, Mar\u00eda Antonieta Alva indic\u00f3 que el Gobierno destinar\u00e1 recursos equivalentes a 12 puntos del Producto Bruto Interno (PBI) [&hellip;]<\/p>\n","protected":false},"author":1,"featured_media":67430,"comment_status":"open","ping_status":"open","sticky":false,"template":"","format":"standard","meta":{"rop_custom_images_group":[],"rop_custom_messages_group":[],"rop_publish_now":"initial","rop_publish_now_accounts":[],"rop_publish_now_history":[],"rop_publish_now_status":"pending","footnotes":""},"categories":[10],"tags":[5236,5364,4900,315,314],"class_list":["post-67429","post","type-post","status-publish","format-standard","has-post-thumbnail","hentry","category-actualidad-municipal","tag-coronavirus","tag-covid-19","tag-maria-antonieta-alva","tag-mef","tag-ministerio-de-economia-y-finanzas"],"_links":{"self":[{"href":"https:\/\/elinformanteperu.com\/index.php\/wp-json\/wp\/v2\/posts\/67429","targetHints":{"allow":["GET"]}}],"collection":[{"href":"https:\/\/elinformanteperu.com\/index.php\/wp-json\/wp\/v2\/posts"}],"about":[{"href":"https:\/\/elinformanteperu.com\/index.php\/wp-json\/wp\/v2\/types\/post"}],"author":[{"embeddable":true,"href":"https:\/\/elinformanteperu.com\/index.php\/wp-json\/wp\/v2\/users\/1"}],"replies":[{"embeddable":true,"href":"https:\/\/elinformanteperu.com\/index.php\/wp-json\/wp\/v2\/comments?post=67429"}],"version-history":[{"count":1,"href":"https:\/\/elinformanteperu.com\/index.php\/wp-json\/wp\/v2\/posts\/67429\/revisions"}],"predecessor-version":[{"id":67431,"href":"https:\/\/elinformanteperu.com\/index.php\/wp-json\/wp\/v2\/posts\/67429\/revisions\/67431"}],"wp:featuredmedia":[{"embeddable":true,"href":"https:\/\/elinformanteperu.com\/index.php\/wp-json\/wp\/v2\/media\/67430"}],"wp:attachment":[{"href":"https:\/\/elinformanteperu.com\/index.php\/wp-json\/wp\/v2\/media?parent=67429"}],"wp:term":[{"taxonomy":"category","embeddable":true,"href":"https:\/\/elinformanteperu.com\/index.php\/wp-json\/wp\/v2\/categories?post=67429"},{"taxonomy":"post_tag","embeddable":true,"href":"https:\/\/elinformanteperu.com\/index.php\/wp-json\/wp\/v2\/tags?post=67429"}],"curies":[{"name":"wp","href":"https:\/\/api.w.org\/{rel}","templated":true}]}}