{"id":67423,"date":"2020-03-30T08:52:44","date_gmt":"2020-03-30T13:52:44","guid":{"rendered":"http:\/\/elinformanteperu.com\/?p=67423"},"modified":"2020-03-30T08:52:44","modified_gmt":"2020-03-30T13:52:44","slug":"once-peruanos-han-fallecido-en-espana-por-el-coronavirus","status":"publish","type":"post","link":"https:\/\/elinformanteperu.com\/index.php\/2020\/03\/30\/once-peruanos-han-fallecido-en-espana-por-el-coronavirus\/","title":{"rendered":"Once peruanos han fallecido en Espa\u00f1a por el coronavirus"},"content":{"rendered":"<p><strong><span style=\"color: #000000;\">Once peruanos han fallecido hasta el momento en Espa\u00f1a a causa del coronavirus Covid-19, inform\u00f3 el embajador del Per\u00fa en ese pa\u00eds, Claudio de la Puente.<\/span><\/strong><\/p>\n<p><span style=\"color: #000000;\"><strong>Lima, 30 Marzo 2020, (ANDINA).<\/strong>&#8211; Once peruanos han fallecido hasta el momento en Espa\u00f1a a causa del coronavirus Covid-19, inform\u00f3 el embajador del Per\u00fa en ese pa\u00eds, Claudio de la Puente.<\/span><\/p>\n<p><span style=\"color: #000000;\">En diplom\u00e1tico dijo en di\u00e1logo con TV Per\u00fa que 9 compatriotas fallecieron en Madrid, 1 en Barcelona y 1 en Valencia; todos ellos eran ciudadanos residentes.<\/span><\/p>\n<p><span style=\"color: #000000;\">No obstante, coment\u00f3, que hay otros 2,098 peruanos varados en ese pa\u00eds, los cuales han sido empadronados por la embajada debido a que estaban de tr\u00e1nsito en Espa\u00f1a y ahora esperan volver al Per\u00fa.<\/span><\/p>\n<p><span style=\"color: #000000;\">Espa\u00f1a es el pa\u00eds de Europa con m\u00e1s peruanos, llegando a alrededor de 200 mil, la mitad de los cuales vive en Madrid, la capital.<\/span><\/p>\n<p><span style=\"color: #000000;\">En ese pa\u00eds europeo hay hasta el momento 85,195 casos de coronavirus y 7,340 han fallecido. Solo en las \u00faltimas 24 horas dejaron de existir 812 personas.<\/span><\/p>\n","protected":false},"excerpt":{"rendered":"<p>Once peruanos han fallecido hasta el momento en Espa\u00f1a a causa del coronavirus Covid-19, inform\u00f3 el embajador del Per\u00fa en ese pa\u00eds, Claudio de la Puente. Lima, 30 Marzo 2020, (ANDINA).&#8211; Once peruanos han fallecido hasta el momento en Espa\u00f1a a causa del coronavirus Covid-19, inform\u00f3 el embajador del Per\u00fa en ese pa\u00eds, Claudio de [&hellip;]<\/p>\n","protected":false},"author":1,"featured_media":67424,"comment_status":"open","ping_status":"open","sticky":false,"template":"","format":"standard","meta":{"rop_custom_images_group":[],"rop_custom_messages_group":[],"rop_publish_now":"initial","rop_publish_now_accounts":[],"rop_publish_now_history":[],"rop_publish_now_status":"pending","footnotes":""},"categories":[10],"tags":[294,5406,5236,5364,2923],"class_list":["post-67423","post","type-post","status-publish","format-standard","has-post-thumbnail","hentry","category-actualidad-municipal","tag-cancilleria","tag-claudio-de-la-puente","tag-coronavirus","tag-covid-19","tag-espana"],"_links":{"self":[{"href":"https:\/\/elinformanteperu.com\/index.php\/wp-json\/wp\/v2\/posts\/67423","targetHints":{"allow":["GET"]}}],"collection":[{"href":"https:\/\/elinformanteperu.com\/index.php\/wp-json\/wp\/v2\/posts"}],"about":[{"href":"https:\/\/elinformanteperu.com\/index.php\/wp-json\/wp\/v2\/types\/post"}],"author":[{"embeddable":true,"href":"https:\/\/elinformanteperu.com\/index.php\/wp-json\/wp\/v2\/users\/1"}],"replies":[{"embeddable":true,"href":"https:\/\/elinformanteperu.com\/index.php\/wp-json\/wp\/v2\/comments?post=67423"}],"version-history":[{"count":1,"href":"https:\/\/elinformanteperu.com\/index.php\/wp-json\/wp\/v2\/posts\/67423\/revisions"}],"predecessor-version":[{"id":67425,"href":"https:\/\/elinformanteperu.com\/index.php\/wp-json\/wp\/v2\/posts\/67423\/revisions\/67425"}],"wp:featuredmedia":[{"embeddable":true,"href":"https:\/\/elinformanteperu.com\/index.php\/wp-json\/wp\/v2\/media\/67424"}],"wp:attachment":[{"href":"https:\/\/elinformanteperu.com\/index.php\/wp-json\/wp\/v2\/media?parent=67423"}],"wp:term":[{"taxonomy":"category","embeddable":true,"href":"https:\/\/elinformanteperu.com\/index.php\/wp-json\/wp\/v2\/categories?post=67423"},{"taxonomy":"post_tag","embeddable":true,"href":"https:\/\/elinformanteperu.com\/index.php\/wp-json\/wp\/v2\/tags?post=67423"}],"curies":[{"name":"wp","href":"https:\/\/api.w.org\/{rel}","templated":true}]}}