{"id":67420,"date":"2020-03-30T08:49:29","date_gmt":"2020-03-30T13:49:29","guid":{"rendered":"http:\/\/elinformanteperu.com\/?p=67420"},"modified":"2020-03-30T08:49:29","modified_gmt":"2020-03-30T13:49:29","slug":"ministro-de-salud-ahora-podran-confeccionarse-mascarillas-en-el-barrio-o-la-pyme","status":"publish","type":"post","link":"https:\/\/elinformanteperu.com\/index.php\/2020\/03\/30\/ministro-de-salud-ahora-podran-confeccionarse-mascarillas-en-el-barrio-o-la-pyme\/","title":{"rendered":"Ministro de Salud: ahora podr\u00e1n confeccionarse mascarillas en el barrio o la pyme"},"content":{"rendered":"<p><strong><span style=\"color: #000000;\">El ministro de Salud, V\u00edctor Zamora, afirm\u00f3 que con la norma t\u00e9cnica publicada hoy por el Minsa ahora la poblaci\u00f3n podr\u00e1 confeccionarse mascarillas de tela.<\/span><\/strong><\/p>\n<p><span style=\"color: #000000;\"><strong>Lima, 30 Marzo 2020, (ANDINA).-<\/strong> El ministro de Salud, V\u00edctor Zamora, afirm\u00f3 que con la norma t\u00e9cnica publicada hoy por el Minsa ahora la poblaci\u00f3n podr\u00e1 confeccionarse mascarillas de tela para protegerse del coronavirus.<\/span><\/p>\n<p><span style=\"color: #000000;\">\u00abParece una medida menor. No lo es. La gran mayor\u00eda de nuestros compatriotas no tiene acceso a una mascarilla y gastan peque\u00f1as fortunas para conseguirlas\u00bb, expres\u00f3 el titular de Salud v\u00eda su cuenta de Twitter.<\/span><\/p>\n<p><span style=\"color: #000000;\">Dijo que con el documento \u00abEspecificaci\u00f3n t\u00e9cnica para la confecci\u00f3n de mascarillas faciales textiles de uso comunitario\u00bb ahora se podr\u00e1 confeccionar en el barrio o en la peque\u00f1a y mediana empresa (pyme).<\/span><\/p>\n<p><span style=\"color: #000000;\">Anoche, Zamora dijo que el documento explicar\u00e1 de qu\u00e9 tama\u00f1o deben ser las mascarillas, de qu\u00e9 material, c\u00f3mo se lavan, con qu\u00e9 detergentes y c\u00f3mo se secan para ser reutilizadas posteriormente.<\/span><\/p>\n<p><span style=\"color: #000000;\">Recalc\u00f3 que el virus \u00absalta\u00bb de persona en persona y el uso de la mascarilla se convierte en una barrera de protecci\u00f3n, al igual que medidas indispensables como el distanciamiento social y el lavado de manos.<\/span><\/p>\n<p><span style=\"color: #000000;\">\u00abSi la gente no se siente bien segura cuando sube al transporte o cuando va al mercado, que lo use porque eso le dar\u00e1 tranquilidad. Y si alguien sospecha que su familiar en casa tiene el coronavirus, tambi\u00e9n debe usarlo\u00bb, coment\u00f3.<\/span><\/p>\n<p><span style=\"color: #000000;\">En el caso de los m\u00e9dicos y personal de salud, indic\u00f3 que \u00e9stos requieren una mascarilla especial, una barrera m\u00e1s potente que evite que los pacientes los contagien.<\/span><\/p>\n<p><span style=\"color: #000000;\">El n\u00famero de contagiados en el Per\u00fa alcanza los 852, mientras que la cifra de fallecidos se elev\u00f3 a 18 hasta hoy, la mayor\u00eda de los cuales son adultos mayores.<\/span><\/p>\n","protected":false},"excerpt":{"rendered":"<p>El ministro de Salud, V\u00edctor Zamora, afirm\u00f3 que con la norma t\u00e9cnica publicada hoy por el Minsa ahora la poblaci\u00f3n podr\u00e1 confeccionarse mascarillas de tela. Lima, 30 Marzo 2020, (ANDINA).- El ministro de Salud, V\u00edctor Zamora, afirm\u00f3 que con la norma t\u00e9cnica publicada hoy por el Minsa ahora la poblaci\u00f3n podr\u00e1 confeccionarse mascarillas de tela [&hellip;]<\/p>\n","protected":false},"author":1,"featured_media":67421,"comment_status":"open","ping_status":"open","sticky":false,"template":"","format":"standard","meta":{"rop_custom_images_group":[],"rop_custom_messages_group":[],"rop_publish_now":"initial","rop_publish_now_accounts":[],"rop_publish_now_history":[],"rop_publish_now_status":"pending","footnotes":""},"categories":[10],"tags":[5236,5364,388,431,5388],"class_list":["post-67420","post","type-post","status-publish","format-standard","has-post-thumbnail","hentry","category-actualidad-municipal","tag-coronavirus","tag-covid-19","tag-ministerio-de-salud","tag-minsa","tag-victor-zamora"],"_links":{"self":[{"href":"https:\/\/elinformanteperu.com\/index.php\/wp-json\/wp\/v2\/posts\/67420","targetHints":{"allow":["GET"]}}],"collection":[{"href":"https:\/\/elinformanteperu.com\/index.php\/wp-json\/wp\/v2\/posts"}],"about":[{"href":"https:\/\/elinformanteperu.com\/index.php\/wp-json\/wp\/v2\/types\/post"}],"author":[{"embeddable":true,"href":"https:\/\/elinformanteperu.com\/index.php\/wp-json\/wp\/v2\/users\/1"}],"replies":[{"embeddable":true,"href":"https:\/\/elinformanteperu.com\/index.php\/wp-json\/wp\/v2\/comments?post=67420"}],"version-history":[{"count":1,"href":"https:\/\/elinformanteperu.com\/index.php\/wp-json\/wp\/v2\/posts\/67420\/revisions"}],"predecessor-version":[{"id":67422,"href":"https:\/\/elinformanteperu.com\/index.php\/wp-json\/wp\/v2\/posts\/67420\/revisions\/67422"}],"wp:featuredmedia":[{"embeddable":true,"href":"https:\/\/elinformanteperu.com\/index.php\/wp-json\/wp\/v2\/media\/67421"}],"wp:attachment":[{"href":"https:\/\/elinformanteperu.com\/index.php\/wp-json\/wp\/v2\/media?parent=67420"}],"wp:term":[{"taxonomy":"category","embeddable":true,"href":"https:\/\/elinformanteperu.com\/index.php\/wp-json\/wp\/v2\/categories?post=67420"},{"taxonomy":"post_tag","embeddable":true,"href":"https:\/\/elinformanteperu.com\/index.php\/wp-json\/wp\/v2\/tags?post=67420"}],"curies":[{"name":"wp","href":"https:\/\/api.w.org\/{rel}","templated":true}]}}