{"id":67417,"date":"2020-03-30T08:33:41","date_gmt":"2020-03-30T13:33:41","guid":{"rendered":"http:\/\/elinformanteperu.com\/?p=67417"},"modified":"2020-03-30T08:33:41","modified_gmt":"2020-03-30T13:33:41","slug":"menor-afectado-por-incendio-en-villa-el-salvador-es-dado-de-alta","status":"publish","type":"post","link":"https:\/\/elinformanteperu.com\/index.php\/2020\/03\/30\/menor-afectado-por-incendio-en-villa-el-salvador-es-dado-de-alta\/","title":{"rendered":"Menor afectado por incendio en Villa El Salvador es dado de alta"},"content":{"rendered":"<p><strong><span style=\"color: #000000;\">Pedaleando una peque\u00f1a bicicleta. As\u00ed Sebasti\u00e1n de 2 a\u00f1os fue dado de alta tras permanecer 1 mes y 23 d\u00edas internado en el Instituto Nacional de Salud del Ni\u00f1o.<\/span><\/strong><\/p>\n<p><span style=\"color: #000000;\"><strong>Lima, 30 Marzo 2020, (ANDINA).-<\/strong> Pedaleando una peque\u00f1a bicicleta. As\u00ed Sebasti\u00e1n de 2 a\u00f1os fue dado de alta tras permanecer 1 mes y 23 d\u00edas internado en el Instituto Nacional de Salud del Ni\u00f1o.<\/span><\/p>\n<p><span style=\"color: #000000;\">El menor es uno de los afectados por el incendio de Villa El Salvador que gracias al equipo multidisciplinario conformado por m\u00e9dicos, personal de enfermer\u00eda, t\u00e9cnicas, fisioterapeuta, trabajadora social y asistenciales permiti\u00f3 que Sebas como cari\u00f1osamente le llaman volviera con sus familiares.<\/span><\/p>\n<p><span style=\"color: #000000;\">El peque\u00f1o lleg\u00f3 al INSN en medio de la emergencia que se origin\u00f3 por la deflagraci\u00f3n de gas ocurrida en Villa El Salvador, con el 30% de su cuerpo afectado por quemaduras de III grado, aqu\u00ed fue internado en la Unidad de Cuidados Intensivos, donde recibi\u00f3 las primeras atenciones y luego de superar esta etapa cr\u00edtica, fue trasladado al servicio de Cirug\u00eda Pl\u00e1stica y Quemados.<\/span><\/p>\n<p><span style=\"color: #000000;\">Sebas fue sometido a un tratamiento m\u00e9dico quir\u00fargico que incluy\u00f3 curaciones, limpiezas quir\u00fargicas e injertos de piel (autoinjerto y homoinjerto), este \u00faltimo gracias a la donaci\u00f3n de piel humana de Shriners Internacional y su sede en Per\u00fa. Durante este tiempo estuvo acompa\u00f1ado de sus familiares, pues el peque\u00f1o ahora es hu\u00e9rfano de madre y su padre a\u00fan se encuentra internado en un nosocomio de Lima recuper\u00e1ndose de las quemaduras.<\/span><\/p>\n<p><span style=\"color: #000000;\">Sin embargo, su sonrisa y ganas de vivir se reflejan en su rostro y vitalidad que demuestra cada d\u00eda. Por ello se anim\u00f3 a montar una bicicleta y pasear por los pasillos de hospitalizaci\u00f3n, siempre supervisado y acompa\u00f1ado de profesionales y t\u00e9cnicas de la salud.<\/span><\/p>\n<p><span style=\"color: #000000;\">El menor est\u00e1 cubierto por el Seguro Integral de Salud (SIS), y ahora en la etapa de rehabilitaci\u00f3n seguir\u00e1 siendo atendido de forma integral.<\/span><\/p>\n","protected":false},"excerpt":{"rendered":"<p>Pedaleando una peque\u00f1a bicicleta. As\u00ed Sebasti\u00e1n de 2 a\u00f1os fue dado de alta tras permanecer 1 mes y 23 d\u00edas internado en el Instituto Nacional de Salud del Ni\u00f1o. Lima, 30 Marzo 2020, (ANDINA).- Pedaleando una peque\u00f1a bicicleta. As\u00ed Sebasti\u00e1n de 2 a\u00f1os fue dado de alta tras permanecer 1 mes y 23 d\u00edas internado [&hellip;]<\/p>\n","protected":false},"author":1,"featured_media":67418,"comment_status":"open","ping_status":"open","sticky":false,"template":"","format":"standard","meta":{"rop_custom_images_group":[],"rop_custom_messages_group":[],"rop_publish_now":"initial","rop_publish_now_accounts":[],"rop_publish_now_history":[],"rop_publish_now_status":"pending","footnotes":""},"categories":[10],"tags":[1500,1758,4253],"class_list":["post-67417","post","type-post","status-publish","format-standard","has-post-thumbnail","hentry","category-actualidad-municipal","tag-instituto-nacional-de-salud-del-nino","tag-sis","tag-villa-el-salvador"],"_links":{"self":[{"href":"https:\/\/elinformanteperu.com\/index.php\/wp-json\/wp\/v2\/posts\/67417","targetHints":{"allow":["GET"]}}],"collection":[{"href":"https:\/\/elinformanteperu.com\/index.php\/wp-json\/wp\/v2\/posts"}],"about":[{"href":"https:\/\/elinformanteperu.com\/index.php\/wp-json\/wp\/v2\/types\/post"}],"author":[{"embeddable":true,"href":"https:\/\/elinformanteperu.com\/index.php\/wp-json\/wp\/v2\/users\/1"}],"replies":[{"embeddable":true,"href":"https:\/\/elinformanteperu.com\/index.php\/wp-json\/wp\/v2\/comments?post=67417"}],"version-history":[{"count":1,"href":"https:\/\/elinformanteperu.com\/index.php\/wp-json\/wp\/v2\/posts\/67417\/revisions"}],"predecessor-version":[{"id":67419,"href":"https:\/\/elinformanteperu.com\/index.php\/wp-json\/wp\/v2\/posts\/67417\/revisions\/67419"}],"wp:featuredmedia":[{"embeddable":true,"href":"https:\/\/elinformanteperu.com\/index.php\/wp-json\/wp\/v2\/media\/67418"}],"wp:attachment":[{"href":"https:\/\/elinformanteperu.com\/index.php\/wp-json\/wp\/v2\/media?parent=67417"}],"wp:term":[{"taxonomy":"category","embeddable":true,"href":"https:\/\/elinformanteperu.com\/index.php\/wp-json\/wp\/v2\/categories?post=67417"},{"taxonomy":"post_tag","embeddable":true,"href":"https:\/\/elinformanteperu.com\/index.php\/wp-json\/wp\/v2\/tags?post=67417"}],"curies":[{"name":"wp","href":"https:\/\/api.w.org\/{rel}","templated":true}]}}